{"id":15661,"date":"2026-02-19T12:14:53","date_gmt":"2026-02-19T11:14:53","guid":{"rendered":"https:\/\/fincaelmorisco.com\/?p=15661"},"modified":"2026-02-24T13:44:17","modified_gmt":"2026-02-24T12:44:17","slug":"ayur-yoga-yin-yoga-ferienwoche","status":"publish","type":"post","link":"https:\/\/fincaelmorisco.com\/?p=15661","title":{"rendered":"Ayur Yoga &#038; Yin Yoga Ferienwoche"},"content":{"rendered":"\t\t<div data-elementor-type=\"wp-post\" data-elementor-id=\"15661\" class=\"elementor elementor-15661\">\n\t\t\t\t<div class=\"elementor-element elementor-element-d2510e8 e-flex e-con-boxed e-con e-parent\" data-id=\"d2510e8\" data-element_type=\"container\" data-e-type=\"container\">\n\t\t\t\t\t<div class=\"e-con-inner\">\n\t\t\t\t<div class=\"elementor-element elementor-element-802f491 elementor-invisible elementor-widget elementor-widget-heading\" data-id=\"802f491\" data-element_type=\"widget\" data-e-type=\"widget\" data-settings=\"{&quot;sticky&quot;:&quot;top&quot;,&quot;_animation&quot;:&quot;fadeInLeft&quot;,&quot;sticky_on&quot;:[&quot;desktop&quot;,&quot;tablet&quot;,&quot;mobile&quot;],&quot;sticky_offset&quot;:0,&quot;sticky_effects_offset&quot;:0}\" data-widget_type=\"heading.default\">\n\t\t\t\t\t<h2 class=\"elementor-heading-title elementor-size-default\">Ayur Yoga &amp; Yin Yoga Ferienwoche <\/h2>\t\t\t\t<\/div>\n\t\t\t\t<div class=\"elementor-element elementor-element-304007d elementor-widget elementor-widget-text-editor\" data-id=\"304007d\" data-element_type=\"widget\" data-e-type=\"widget\" data-widget_type=\"text-editor.default\">\n\t\t\t\t\t\t\t\t\t<p><strong>28.04. &#8211; 05.05.2030<\/strong><\/p>\t\t\t\t\t\t\t\t<\/div>\n\t\t\t\t\t<\/div>\n\t\t\t\t<\/div>\n\t\t<div class=\"elementor-element elementor-element-f63d3f1 e-flex e-con-boxed e-con e-parent\" data-id=\"f63d3f1\" data-element_type=\"container\" data-e-type=\"container\">\n\t\t\t\t\t<div class=\"e-con-inner\">\n\t\t\t\t<div class=\"elementor-element elementor-element-3fce340 elementor-widget elementor-widget-spacer\" data-id=\"3fce340\" data-element_type=\"widget\" data-e-type=\"widget\" data-widget_type=\"spacer.default\">\n\t\t\t\t\t\t\t<div class=\"elementor-spacer\">\n\t\t\t<div class=\"elementor-spacer-inner\"><\/div>\n\t\t<\/div>\n\t\t\t\t\t\t<\/div>\n\t\t\t\t<div class=\"elementor-element elementor-element-c937159 elementor-invisible elementor-widget elementor-widget-text-editor\" data-id=\"c937159\" data-element_type=\"widget\" data-e-type=\"widget\" data-settings=\"{&quot;_animation&quot;:&quot;fadeInUp&quot;}\" data-widget_type=\"text-editor.default\">\n\t\t\t\t\t\t\t\t\t<p class=\"MsoNormal\"><span lang=\"DE\">Erlebe eine entspannte, st\u00e4rkende und\ninspirierende Zeit in der \u201eFinca El Morisco\u201c in Andalusien. Das Seminarhaus\nbefindet sich \u00f6stlich von Malaga in Benajarafe, 1,5 km zum Landesinneren in\neiner gr\u00fcnen Oase inmitten von Makadamia-, Avokado- und Mangob\u00e4umen.<o:p><\/o:p><\/span><\/p>\t\t\t\t\t\t\t\t<\/div>\n\t\t\t\t<div class=\"elementor-element elementor-element-ced537e elementor-invisible elementor-widget elementor-widget-text-editor\" data-id=\"ced537e\" data-element_type=\"widget\" data-e-type=\"widget\" data-settings=\"{&quot;_animation&quot;:&quot;fadeInUp&quot;}\" data-widget_type=\"text-editor.default\">\n\t\t\t\t\t\t\t\t\t<p>Jeden Morgen vor dem Fr\u00fchst\u00fcck unterrichtet die erfahrene Yogalehrerin eine zweist\u00fcndige Ayur-Yoga-Sequenz. Ayur Yoga ist ein Yogastil, der sehr atemorientiert, anatomisch fundiert, abwechslungsreich und angepasst ist. Julia geht auf pers\u00f6nliche Einschr\u00e4nkungen ein und bietet leichtere Alternativen an. An zwei Nachmittagen lernst du ihre sanften, passiven und regenerierenden Yin-Yoga-Stunden kennen, die dich vollkommen zur Ruhe bringen.<\/p>\t\t\t\t\t\t\t\t<\/div>\n\t\t\t\t\t<\/div>\n\t\t\t\t<\/div>\n\t\t<div class=\"elementor-element elementor-element-8b63dea e-flex e-con-boxed e-con e-parent\" data-id=\"8b63dea\" data-element_type=\"container\" data-e-type=\"container\">\n\t\t\t\t\t<div class=\"e-con-inner\">\n\t\t<div class=\"elementor-element elementor-element-ad93096 e-con-full e-flex e-con e-child\" data-id=\"ad93096\" data-element_type=\"container\" data-e-type=\"container\">\n\t\t\t\t<div class=\"elementor-element elementor-element-34f0615 elementor-invisible elementor-widget elementor-widget-image\" data-id=\"34f0615\" data-element_type=\"widget\" data-e-type=\"widget\" data-settings=\"{&quot;_animation&quot;:&quot;zoomInUp&quot;}\" data-widget_type=\"image.default\">\n\t\t\t\t\t\t\t\t\t\t\t\t\t\t\t\t<a href=\"https:\/\/fincaelmorisco.com\/wp-content\/uploads\/2026\/02\/Ueberdieautorin-scaled.jpg\" data-elementor-open-lightbox=\"yes\" data-elementor-lightbox-title=\"\u00dcberdieautorin\" data-e-action-hash=\"#elementor-action%3Aaction%3Dlightbox%26settings%3DeyJpZCI6MTU2NTksInVybCI6Imh0dHBzOlwvXC9maW5jYWVsbW9yaXNjby5jb21cL3dwLWNvbnRlbnRcL3VwbG9hZHNcLzIwMjZcLzAyXC9VZWJlcmRpZWF1dG9yaW4tc2NhbGVkLmpwZyJ9\">\n\t\t\t\t\t\t\t<img fetchpriority=\"high\" decoding=\"async\" width=\"2560\" height=\"1707\" src=\"https:\/\/fincaelmorisco.com\/wp-content\/uploads\/2026\/02\/Ueberdieautorin-scaled.jpg\" class=\"attachment-full size-full wp-image-15659\" alt=\"\" srcset=\"https:\/\/fincaelmorisco.com\/wp-content\/uploads\/2026\/02\/Ueberdieautorin-scaled.jpg 2560w, https:\/\/fincaelmorisco.com\/wp-content\/uploads\/2026\/02\/Ueberdieautorin-768x512.jpg 768w, https:\/\/fincaelmorisco.com\/wp-content\/uploads\/2026\/02\/Ueberdieautorin-1536x1024.jpg 1536w, https:\/\/fincaelmorisco.com\/wp-content\/uploads\/2026\/02\/Ueberdieautorin-2048x1365.jpg 2048w\" sizes=\"(max-width: 2560px) 100vw, 2560px\" \/>\t\t\t\t\t\t\t\t<\/a>\n\t\t\t\t\t\t\t\t\t\t\t\t\t\t\t<\/div>\n\t\t\t\t<\/div>\n\t\t<div class=\"elementor-element elementor-element-f4e109a e-con-full e-flex e-con e-child\" data-id=\"f4e109a\" data-element_type=\"container\" data-e-type=\"container\">\n\t\t\t\t<div class=\"elementor-element elementor-element-9869756 elementor-invisible elementor-widget elementor-widget-text-editor\" data-id=\"9869756\" data-element_type=\"widget\" data-e-type=\"widget\" data-settings=\"{&quot;_animation&quot;:&quot;zoomInUp&quot;}\" data-widget_type=\"text-editor.default\">\n\t\t\t\t\t\t\t\t\t<p>Julia Backhaus kommt seit \u00fcber 15 Jahren auf die \u201eCASA\u201c und gibt dieses Jahr erstmal ein Seminar auf der traumhaft sch\u00f6nen Finca. Sie ist ausgebildet als Yogalehrerin (BYV), Ayur Yoga-Therapeutin (Remo Rittiner und Christoph Kraft), Atem-Coach (Dr. Ralph Skuban), Shiatsu-Masseurin, Thai Yoga Masseurin (Tobias Frank), Osteopressur practioner und Entspannungs-P\u00e4dagogin (BTB). Ihre Yogastunden sind sehr klar, fokussiert und liebevoll.<\/p>\t\t\t\t\t\t\t\t<\/div>\n\t\t\t\t<\/div>\n\t\t\t\t\t<\/div>\n\t\t\t\t<\/div>\n\t\t<div class=\"elementor-element elementor-element-63fff9b e-flex e-con-boxed e-con e-parent\" data-id=\"63fff9b\" data-element_type=\"container\" data-e-type=\"container\">\n\t\t\t\t\t<div class=\"e-con-inner\">\n\t\t\t\t<div class=\"elementor-element elementor-element-0a91d65 elementor-widget elementor-widget-spacer\" data-id=\"0a91d65\" data-element_type=\"widget\" data-e-type=\"widget\" data-widget_type=\"spacer.default\">\n\t\t\t\t\t\t\t<div class=\"elementor-spacer\">\n\t\t\t<div class=\"elementor-spacer-inner\"><\/div>\n\t\t<\/div>\n\t\t\t\t\t\t<\/div>\n\t\t\t\t<div class=\"elementor-element elementor-element-5c3e706 elementor-invisible elementor-widget elementor-widget-text-editor\" data-id=\"5c3e706\" data-element_type=\"widget\" data-e-type=\"widget\" data-settings=\"{&quot;_animation&quot;:&quot;fadeInUp&quot;}\" data-widget_type=\"text-editor.default\">\n\t\t\t\t\t\t\t\t\t<p>Alle Einheiten beginnen mit einer Meditation und enden mit einer Endentspannung. YogalehrerInnen nutzen ihre Ferienseminare gerne als Weiterbildung und Inspiration. Anf\u00e4nger f\u00fchlen sich gut aufgehoben, weil sie die Yoga\u00fcbungen von Grund auf nach den Prinzipien der Spiraldynamik lernen.<\/p>\t\t\t\t\t\t\t\t<\/div>\n\t\t\t\t\t<\/div>\n\t\t\t\t<\/div>\n\t\t<div class=\"elementor-element elementor-element-84b3a49 e-flex e-con-boxed e-con e-parent\" data-id=\"84b3a49\" data-element_type=\"container\" data-e-type=\"container\">\n\t\t\t\t\t<div class=\"e-con-inner\">\n\t\t\t\t<div class=\"elementor-element elementor-element-eb72d25 elementor-widget elementor-widget-text-editor\" data-id=\"eb72d25\" data-element_type=\"widget\" data-e-type=\"widget\" data-widget_type=\"text-editor.default\">\n\t\t\t\t\t\t\t\t\t<p class=\"MsoNormal\"><strong><span lang=\"DE\">Julias Seminare sind sehr beliebt und schnell ausgebucht. Sichere dir direkt einen Platz auf der Matte!<\/span><\/strong><\/p>\t\t\t\t\t\t\t\t<\/div>\n\t\t\t\t\t<\/div>\n\t\t\t\t<\/div>\n\t\t<div class=\"elementor-element elementor-element-550c869 e-flex e-con-boxed e-con e-parent\" data-id=\"550c869\" data-element_type=\"container\" data-e-type=\"container\">\n\t\t\t\t\t<div class=\"e-con-inner\">\n\t\t\t\t<div class=\"elementor-element elementor-element-087a5d9 elementor-invisible elementor-widget elementor-widget-text-editor\" data-id=\"087a5d9\" data-element_type=\"widget\" data-e-type=\"widget\" data-settings=\"{&quot;_animation&quot;:&quot;bounceInDown&quot;}\" data-widget_type=\"text-editor.default\">\n\t\t\t\t\t\t\t\t\t<p class=\"MsoNormal\"><span lang=\"DE\">Hier geht es direkt zur Yogareise:&nbsp;<a href=\"https:\/\/juliasyogawelt.de\/yoga-in-andalusien\/\" target=\"_blank\"><b>https:\/\/juliasyogawelt.de\/yoga-in-andalusien\/<\/b><\/a><o:p><\/o:p><\/span><\/p><p class=\"MsoNormal\">Julias Yogawelt \u2013 Julia\nBackhaus<o:p><\/o:p><\/p><p class=\"MsoNormal\">Telefon: 0049-17634812850<o:p><\/o:p><\/p><p>\n\n\n\n\n\n<\/p><p class=\"MsoNormal\"><span lang=\"DE\">F\u00fcr die Zimmerreservierung wendet ihr euch\nbitte per&nbsp;<a href=\"mailto:casa@morisco.de\"><b>E-Mail<\/b><\/a>&nbsp;an die\nFinca.&nbsp;&nbsp;<o:p><\/o:p><\/span><\/p>\t\t\t\t\t\t\t\t<\/div>\n\t\t\t\t\t<\/div>\n\t\t\t\t<\/div>\n\t\t<div class=\"elementor-element elementor-element-79ac53c e-flex e-con-boxed e-con e-parent\" data-id=\"79ac53c\" data-element_type=\"container\" data-e-type=\"container\">\n\t\t\t\t\t<div class=\"e-con-inner\">\n\t\t\t\t<div class=\"elementor-element elementor-element-6cbfb6f elementor-invisible elementor-widget elementor-widget-image\" data-id=\"6cbfb6f\" data-element_type=\"widget\" data-e-type=\"widget\" data-settings=\"{&quot;_animation&quot;:&quot;rotateIn&quot;}\" data-widget_type=\"image.default\">\n\t\t\t\t\t\t\t\t\t\t\t\t\t\t\t\t<a href=\"https:\/\/fincaelmorisco.com\/wp-content\/uploads\/2026\/02\/20240108_115428-2-scaled.jpg\" data-elementor-open-lightbox=\"yes\" data-elementor-lightbox-title=\"20240108_115428 (2)\" data-e-action-hash=\"#elementor-action%3Aaction%3Dlightbox%26settings%3DeyJpZCI6MTU2NTcsInVybCI6Imh0dHBzOlwvXC9maW5jYWVsbW9yaXNjby5jb21cL3dwLWNvbnRlbnRcL3VwbG9hZHNcLzIwMjZcLzAyXC8yMDI0MDEwOF8xMTU0MjgtMi1zY2FsZWQuanBnIn0%3D\">\n\t\t\t\t\t\t\t<img decoding=\"async\" width=\"2560\" height=\"1820\" src=\"https:\/\/fincaelmorisco.com\/wp-content\/uploads\/2026\/02\/20240108_115428-2-scaled.jpg\" class=\"attachment-full size-full wp-image-15657\" alt=\"\" srcset=\"https:\/\/fincaelmorisco.com\/wp-content\/uploads\/2026\/02\/20240108_115428-2-scaled.jpg 2560w, https:\/\/fincaelmorisco.com\/wp-content\/uploads\/2026\/02\/20240108_115428-2-768x546.jpg 768w, https:\/\/fincaelmorisco.com\/wp-content\/uploads\/2026\/02\/20240108_115428-2-1536x1092.jpg 1536w, https:\/\/fincaelmorisco.com\/wp-content\/uploads\/2026\/02\/20240108_115428-2-2048x1456.jpg 2048w\" sizes=\"(max-width: 2560px) 100vw, 2560px\" \/>\t\t\t\t\t\t\t\t<\/a>\n\t\t\t\t\t\t\t\t\t\t\t\t\t\t\t<\/div>\n\t\t\t\t\t<\/div>\n\t\t\t\t<\/div>\n\t\t\t\t<\/div>\n\t\t","protected":false},"excerpt":{"rendered":"<p>Ayur Yoga &amp; Yin Yoga Ferienwoche 28.04. &#8211; 05.05.2030 Erlebe eine entspannte, st\u00e4rkende und inspirierende Zeit in der \u201eFinca El Morisco\u201c in Andalusien. Das Seminarhaus befindet sich \u00f6stlich von Malaga in Benajarafe, 1,5 km zum Landesinneren in einer gr\u00fcnen Oase <a class=\"more-link\" href=\"https:\/\/fincaelmorisco.com\/?p=15661\">weiterlesen&#8230;<\/a><\/p>\n","protected":false},"author":1,"featured_media":15664,"comment_status":"closed","ping_status":"closed","sticky":false,"template":"","format":"standard","meta":{"_exactmetrics_skip_tracking":false,"_exactmetrics_sitenote_active":false,"_exactmetrics_sitenote_note":"","_exactmetrics_sitenote_category":0,"footnotes":""},"categories":[63],"tags":[],"class_list":["post-15661","post","type-post","status-publish","format-standard","has-post-thumbnail","hentry","category-seminare-2030"],"yoast_head":"<!-- This site is optimized with the Yoast SEO plugin v27.4 - https:\/\/yoast.com\/product\/yoast-seo-wordpress\/ -->\n<title>Ayur Yoga &amp; Yin Yoga Ferienwoche - Finca el Morisco<\/title>\n<meta name=\"robots\" content=\"index, follow, max-snippet:-1, max-image-preview:large, max-video-preview:-1\" \/>\n<link rel=\"canonical\" href=\"https:\/\/fincaelmorisco.com\/?p=15661\" \/>\n<meta property=\"og:locale\" content=\"de_DE\" \/>\n<meta property=\"og:type\" content=\"article\" \/>\n<meta property=\"og:title\" content=\"Ayur Yoga &amp; Yin Yoga Ferienwoche - Finca el Morisco\" \/>\n<meta property=\"og:description\" content=\"Ayur Yoga &amp; Yin Yoga Ferienwoche 28.04. &#8211; 05.05.2030 Erlebe eine entspannte, st\u00e4rkende und inspirierende Zeit in der \u201eFinca El Morisco\u201c in Andalusien. Das Seminarhaus befindet sich \u00f6stlich von Malaga in Benajarafe, 1,5 km zum Landesinneren in einer gr\u00fcnen Oase weiterlesen...\" \/>\n<meta property=\"og:url\" content=\"https:\/\/fincaelmorisco.com\/?p=15661\" \/>\n<meta property=\"og:site_name\" content=\"Finca el Morisco\" \/>\n<meta property=\"article:published_time\" content=\"2026-02-19T11:14:53+00:00\" \/>\n<meta property=\"article:modified_time\" content=\"2026-02-24T12:44:17+00:00\" \/>\n<meta property=\"og:image\" content=\"https:\/\/fincaelmorisco.com\/wp-content\/uploads\/2026\/02\/cropped-cropped-Julia-Logo-2019-Kopie.png\" \/>\n\t<meta property=\"og:image:width\" content=\"1200\" \/>\n\t<meta property=\"og:image:height\" content=\"132\" \/>\n\t<meta property=\"og:image:type\" content=\"image\/png\" \/>\n<meta name=\"author\" content=\"Finca El Morisco\" \/>\n<meta name=\"twitter:card\" content=\"summary_large_image\" \/>\n<meta name=\"twitter:label1\" content=\"Verfasst von\" \/>\n\t<meta name=\"twitter:data1\" content=\"\" \/>\n\t<meta name=\"twitter:label2\" content=\"Gesch\u00e4tzte Lesezeit\" \/>\n\t<meta name=\"twitter:data2\" content=\"2\u00a0Minuten\" \/>\n<script type=\"application\/ld+json\" class=\"yoast-schema-graph\">{\"@context\":\"https:\\\/\\\/schema.org\",\"@graph\":[{\"@type\":\"Article\",\"@id\":\"https:\\\/\\\/fincaelmorisco.com\\\/?p=15661#article\",\"isPartOf\":{\"@id\":\"https:\\\/\\\/fincaelmorisco.com\\\/?p=15661\"},\"author\":{\"name\":\"Finca El Morisco\",\"@id\":\"https:\\\/\\\/fincaelmorisco.com\\\/#\\\/schema\\\/person\\\/514dfb93478c8e8ea012c3c2779bc906\"},\"headline\":\"Ayur Yoga &#038; Yin Yoga Ferienwoche\",\"datePublished\":\"2026-02-19T11:14:53+00:00\",\"dateModified\":\"2026-02-24T12:44:17+00:00\",\"mainEntityOfPage\":{\"@id\":\"https:\\\/\\\/fincaelmorisco.com\\\/?p=15661\"},\"wordCount\":261,\"publisher\":{\"@id\":\"https:\\\/\\\/fincaelmorisco.com\\\/#organization\"},\"image\":{\"@id\":\"https:\\\/\\\/fincaelmorisco.com\\\/?p=15661#primaryimage\"},\"thumbnailUrl\":\"https:\\\/\\\/fincaelmorisco.com\\\/wp-content\\\/uploads\\\/2026\\\/02\\\/cropped-cropped-Julia-Logo-2019-Kopie.png\",\"articleSection\":[\"Seminare 2030\"],\"inLanguage\":\"de\"},{\"@type\":\"WebPage\",\"@id\":\"https:\\\/\\\/fincaelmorisco.com\\\/?p=15661\",\"url\":\"https:\\\/\\\/fincaelmorisco.com\\\/?p=15661\",\"name\":\"Ayur Yoga & Yin Yoga Ferienwoche - Finca el Morisco\",\"isPartOf\":{\"@id\":\"https:\\\/\\\/fincaelmorisco.com\\\/#website\"},\"primaryImageOfPage\":{\"@id\":\"https:\\\/\\\/fincaelmorisco.com\\\/?p=15661#primaryimage\"},\"image\":{\"@id\":\"https:\\\/\\\/fincaelmorisco.com\\\/?p=15661#primaryimage\"},\"thumbnailUrl\":\"https:\\\/\\\/fincaelmorisco.com\\\/wp-content\\\/uploads\\\/2026\\\/02\\\/cropped-cropped-Julia-Logo-2019-Kopie.png\",\"datePublished\":\"2026-02-19T11:14:53+00:00\",\"dateModified\":\"2026-02-24T12:44:17+00:00\",\"breadcrumb\":{\"@id\":\"https:\\\/\\\/fincaelmorisco.com\\\/?p=15661#breadcrumb\"},\"inLanguage\":\"de\",\"potentialAction\":[{\"@type\":\"ReadAction\",\"target\":[\"https:\\\/\\\/fincaelmorisco.com\\\/?p=15661\"]}]},{\"@type\":\"ImageObject\",\"inLanguage\":\"de\",\"@id\":\"https:\\\/\\\/fincaelmorisco.com\\\/?p=15661#primaryimage\",\"url\":\"https:\\\/\\\/fincaelmorisco.com\\\/wp-content\\\/uploads\\\/2026\\\/02\\\/cropped-cropped-Julia-Logo-2019-Kopie.png\",\"contentUrl\":\"https:\\\/\\\/fincaelmorisco.com\\\/wp-content\\\/uploads\\\/2026\\\/02\\\/cropped-cropped-Julia-Logo-2019-Kopie.png\",\"width\":1200,\"height\":132},{\"@type\":\"BreadcrumbList\",\"@id\":\"https:\\\/\\\/fincaelmorisco.com\\\/?p=15661#breadcrumb\",\"itemListElement\":[{\"@type\":\"ListItem\",\"position\":1,\"name\":\"Home\",\"item\":\"https:\\\/\\\/fincaelmorisco.com\\\/\"},{\"@type\":\"ListItem\",\"position\":2,\"name\":\"Ayur Yoga &#038; Yin Yoga Ferienwoche\"}]},{\"@type\":\"WebSite\",\"@id\":\"https:\\\/\\\/fincaelmorisco.com\\\/#website\",\"url\":\"https:\\\/\\\/fincaelmorisco.com\\\/\",\"name\":\"Finca el Morisco\",\"description\":\"Yogaurlaub in Andalusien Finca El Morisco\",\"publisher\":{\"@id\":\"https:\\\/\\\/fincaelmorisco.com\\\/#organization\"},\"potentialAction\":[{\"@type\":\"SearchAction\",\"target\":{\"@type\":\"EntryPoint\",\"urlTemplate\":\"https:\\\/\\\/fincaelmorisco.com\\\/?s={search_term_string}\"},\"query-input\":{\"@type\":\"PropertyValueSpecification\",\"valueRequired\":true,\"valueName\":\"search_term_string\"}}],\"inLanguage\":\"de\"},{\"@type\":\"Organization\",\"@id\":\"https:\\\/\\\/fincaelmorisco.com\\\/#organization\",\"name\":\"Finca El Morisco\",\"url\":\"https:\\\/\\\/fincaelmorisco.com\\\/\",\"logo\":{\"@type\":\"ImageObject\",\"inLanguage\":\"de\",\"@id\":\"https:\\\/\\\/fincaelmorisco.com\\\/#\\\/schema\\\/logo\\\/image\\\/\",\"url\":\"https:\\\/\\\/fincaelmorisco.com\\\/wp-content\\\/uploads\\\/2022\\\/02\\\/Finca-El-Morisco-Logo.png\",\"contentUrl\":\"https:\\\/\\\/fincaelmorisco.com\\\/wp-content\\\/uploads\\\/2022\\\/02\\\/Finca-El-Morisco-Logo.png\",\"width\":521,\"height\":123,\"caption\":\"Finca El Morisco\"},\"image\":{\"@id\":\"https:\\\/\\\/fincaelmorisco.com\\\/#\\\/schema\\\/logo\\\/image\\\/\"}},{\"@type\":\"Person\",\"@id\":\"https:\\\/\\\/fincaelmorisco.com\\\/#\\\/schema\\\/person\\\/514dfb93478c8e8ea012c3c2779bc906\",\"name\":\"Finca El Morisco\",\"image\":{\"@type\":\"ImageObject\",\"inLanguage\":\"de\",\"@id\":\"https:\\\/\\\/secure.gravatar.com\\\/avatar\\\/4eef53a659eacb6d411309b59a0f8b82cbd5132928fc43e54e365596467f3734?s=96&d=mm&r=g\",\"url\":\"https:\\\/\\\/secure.gravatar.com\\\/avatar\\\/4eef53a659eacb6d411309b59a0f8b82cbd5132928fc43e54e365596467f3734?s=96&d=mm&r=g\",\"contentUrl\":\"https:\\\/\\\/secure.gravatar.com\\\/avatar\\\/4eef53a659eacb6d411309b59a0f8b82cbd5132928fc43e54e365596467f3734?s=96&d=mm&r=g\",\"caption\":\"Finca El Morisco\"},\"sameAs\":[\"https:\\\/\\\/fincaelmorisco.com\"],\"url\":\"https:\\\/\\\/fincaelmorisco.com\\\/?author=1\"}]}<\/script>\n<!-- \/ Yoast SEO plugin. -->","yoast_head_json":{"title":"Ayur Yoga & Yin Yoga Ferienwoche - Finca el Morisco","robots":{"index":"index","follow":"follow","max-snippet":"max-snippet:-1","max-image-preview":"max-image-preview:large","max-video-preview":"max-video-preview:-1"},"canonical":"https:\/\/fincaelmorisco.com\/?p=15661","og_locale":"de_DE","og_type":"article","og_title":"Ayur Yoga & Yin Yoga Ferienwoche - Finca el Morisco","og_description":"Ayur Yoga &amp; Yin Yoga Ferienwoche 28.04. &#8211; 05.05.2030 Erlebe eine entspannte, st\u00e4rkende und inspirierende Zeit in der \u201eFinca El Morisco\u201c in Andalusien. Das Seminarhaus befindet sich \u00f6stlich von Malaga in Benajarafe, 1,5 km zum Landesinneren in einer gr\u00fcnen Oase weiterlesen...","og_url":"https:\/\/fincaelmorisco.com\/?p=15661","og_site_name":"Finca el Morisco","article_published_time":"2026-02-19T11:14:53+00:00","article_modified_time":"2026-02-24T12:44:17+00:00","og_image":[{"width":1200,"height":132,"url":"https:\/\/fincaelmorisco.com\/wp-content\/uploads\/2026\/02\/cropped-cropped-Julia-Logo-2019-Kopie.png","type":"image\/png"}],"author":"Finca El Morisco","twitter_card":"summary_large_image","twitter_misc":{"Verfasst von":false,"Gesch\u00e4tzte Lesezeit":"2\u00a0Minuten"},"schema":{"@context":"https:\/\/schema.org","@graph":[{"@type":"Article","@id":"https:\/\/fincaelmorisco.com\/?p=15661#article","isPartOf":{"@id":"https:\/\/fincaelmorisco.com\/?p=15661"},"author":{"name":"Finca El Morisco","@id":"https:\/\/fincaelmorisco.com\/#\/schema\/person\/514dfb93478c8e8ea012c3c2779bc906"},"headline":"Ayur Yoga &#038; Yin Yoga Ferienwoche","datePublished":"2026-02-19T11:14:53+00:00","dateModified":"2026-02-24T12:44:17+00:00","mainEntityOfPage":{"@id":"https:\/\/fincaelmorisco.com\/?p=15661"},"wordCount":261,"publisher":{"@id":"https:\/\/fincaelmorisco.com\/#organization"},"image":{"@id":"https:\/\/fincaelmorisco.com\/?p=15661#primaryimage"},"thumbnailUrl":"https:\/\/fincaelmorisco.com\/wp-content\/uploads\/2026\/02\/cropped-cropped-Julia-Logo-2019-Kopie.png","articleSection":["Seminare 2030"],"inLanguage":"de"},{"@type":"WebPage","@id":"https:\/\/fincaelmorisco.com\/?p=15661","url":"https:\/\/fincaelmorisco.com\/?p=15661","name":"Ayur Yoga & Yin Yoga Ferienwoche - Finca el Morisco","isPartOf":{"@id":"https:\/\/fincaelmorisco.com\/#website"},"primaryImageOfPage":{"@id":"https:\/\/fincaelmorisco.com\/?p=15661#primaryimage"},"image":{"@id":"https:\/\/fincaelmorisco.com\/?p=15661#primaryimage"},"thumbnailUrl":"https:\/\/fincaelmorisco.com\/wp-content\/uploads\/2026\/02\/cropped-cropped-Julia-Logo-2019-Kopie.png","datePublished":"2026-02-19T11:14:53+00:00","dateModified":"2026-02-24T12:44:17+00:00","breadcrumb":{"@id":"https:\/\/fincaelmorisco.com\/?p=15661#breadcrumb"},"inLanguage":"de","potentialAction":[{"@type":"ReadAction","target":["https:\/\/fincaelmorisco.com\/?p=15661"]}]},{"@type":"ImageObject","inLanguage":"de","@id":"https:\/\/fincaelmorisco.com\/?p=15661#primaryimage","url":"https:\/\/fincaelmorisco.com\/wp-content\/uploads\/2026\/02\/cropped-cropped-Julia-Logo-2019-Kopie.png","contentUrl":"https:\/\/fincaelmorisco.com\/wp-content\/uploads\/2026\/02\/cropped-cropped-Julia-Logo-2019-Kopie.png","width":1200,"height":132},{"@type":"BreadcrumbList","@id":"https:\/\/fincaelmorisco.com\/?p=15661#breadcrumb","itemListElement":[{"@type":"ListItem","position":1,"name":"Home","item":"https:\/\/fincaelmorisco.com\/"},{"@type":"ListItem","position":2,"name":"Ayur Yoga &#038; Yin Yoga Ferienwoche"}]},{"@type":"WebSite","@id":"https:\/\/fincaelmorisco.com\/#website","url":"https:\/\/fincaelmorisco.com\/","name":"Finca el Morisco","description":"Yogaurlaub in Andalusien Finca El Morisco","publisher":{"@id":"https:\/\/fincaelmorisco.com\/#organization"},"potentialAction":[{"@type":"SearchAction","target":{"@type":"EntryPoint","urlTemplate":"https:\/\/fincaelmorisco.com\/?s={search_term_string}"},"query-input":{"@type":"PropertyValueSpecification","valueRequired":true,"valueName":"search_term_string"}}],"inLanguage":"de"},{"@type":"Organization","@id":"https:\/\/fincaelmorisco.com\/#organization","name":"Finca El Morisco","url":"https:\/\/fincaelmorisco.com\/","logo":{"@type":"ImageObject","inLanguage":"de","@id":"https:\/\/fincaelmorisco.com\/#\/schema\/logo\/image\/","url":"https:\/\/fincaelmorisco.com\/wp-content\/uploads\/2022\/02\/Finca-El-Morisco-Logo.png","contentUrl":"https:\/\/fincaelmorisco.com\/wp-content\/uploads\/2022\/02\/Finca-El-Morisco-Logo.png","width":521,"height":123,"caption":"Finca El Morisco"},"image":{"@id":"https:\/\/fincaelmorisco.com\/#\/schema\/logo\/image\/"}},{"@type":"Person","@id":"https:\/\/fincaelmorisco.com\/#\/schema\/person\/514dfb93478c8e8ea012c3c2779bc906","name":"Finca El Morisco","image":{"@type":"ImageObject","inLanguage":"de","@id":"https:\/\/secure.gravatar.com\/avatar\/4eef53a659eacb6d411309b59a0f8b82cbd5132928fc43e54e365596467f3734?s=96&d=mm&r=g","url":"https:\/\/secure.gravatar.com\/avatar\/4eef53a659eacb6d411309b59a0f8b82cbd5132928fc43e54e365596467f3734?s=96&d=mm&r=g","contentUrl":"https:\/\/secure.gravatar.com\/avatar\/4eef53a659eacb6d411309b59a0f8b82cbd5132928fc43e54e365596467f3734?s=96&d=mm&r=g","caption":"Finca El Morisco"},"sameAs":["https:\/\/fincaelmorisco.com"],"url":"https:\/\/fincaelmorisco.com\/?author=1"}]}},"_links":{"self":[{"href":"https:\/\/fincaelmorisco.com\/index.php?rest_route=\/wp\/v2\/posts\/15661","targetHints":{"allow":["GET"]}}],"collection":[{"href":"https:\/\/fincaelmorisco.com\/index.php?rest_route=\/wp\/v2\/posts"}],"about":[{"href":"https:\/\/fincaelmorisco.com\/index.php?rest_route=\/wp\/v2\/types\/post"}],"author":[{"embeddable":true,"href":"https:\/\/fincaelmorisco.com\/index.php?rest_route=\/wp\/v2\/users\/1"}],"replies":[{"embeddable":true,"href":"https:\/\/fincaelmorisco.com\/index.php?rest_route=%2Fwp%2Fv2%2Fcomments&post=15661"}],"version-history":[{"count":13,"href":"https:\/\/fincaelmorisco.com\/index.php?rest_route=\/wp\/v2\/posts\/15661\/revisions"}],"predecessor-version":[{"id":15688,"href":"https:\/\/fincaelmorisco.com\/index.php?rest_route=\/wp\/v2\/posts\/15661\/revisions\/15688"}],"wp:featuredmedia":[{"embeddable":true,"href":"https:\/\/fincaelmorisco.com\/index.php?rest_route=\/wp\/v2\/media\/15664"}],"wp:attachment":[{"href":"https:\/\/fincaelmorisco.com\/index.php?rest_route=%2Fwp%2Fv2%2Fmedia&parent=15661"}],"wp:term":[{"taxonomy":"category","embeddable":true,"href":"https:\/\/fincaelmorisco.com\/index.php?rest_route=%2Fwp%2Fv2%2Fcategories&post=15661"},{"taxonomy":"post_tag","embeddable":true,"href":"https:\/\/fincaelmorisco.com\/index.php?rest_route=%2Fwp%2Fv2%2Ftags&post=15661"}],"curies":[{"name":"wp","href":"https:\/\/api.w.org\/{rel}","templated":true}]}}