{"id":15151,"date":"2025-04-14T11:37:42","date_gmt":"2025-04-14T09:37:42","guid":{"rendered":"https:\/\/fincaelmorisco.com\/?p=15151"},"modified":"2025-04-19T14:01:39","modified_gmt":"2025-04-19T12:01:39","slug":"achtsamkeitsmeditation-verliebt-ins-jetzt","status":"publish","type":"post","link":"https:\/\/fincaelmorisco.com\/?p=15151","title":{"rendered":"Achtsamkeitsmeditation \u201eVerliebt ins Jetzt\u201c (2028)"},"content":{"rendered":"\t\t<div data-elementor-type=\"wp-post\" data-elementor-id=\"15151\" class=\"elementor elementor-15151\">\n\t\t\t\t<div class=\"elementor-element elementor-element-54d7d9a e-flex e-con-boxed e-con e-parent\" data-id=\"54d7d9a\" data-element_type=\"container\" data-e-type=\"container\">\n\t\t\t\t\t<div class=\"e-con-inner\">\n\t\t\t\t<div class=\"elementor-element elementor-element-bb1d0e1 elementor-widget elementor-widget-heading\" data-id=\"bb1d0e1\" data-element_type=\"widget\" data-e-type=\"widget\" data-widget_type=\"heading.default\">\n\t\t\t\t\t<h1 class=\"elementor-heading-title elementor-size-default\">Achtsamkeitsmeditation<br> \u201eVerliebt ins Jetzt\u201c<\/h1>\t\t\t\t<\/div>\n\t\t\t\t\t<\/div>\n\t\t\t\t<\/div>\n\t\t<div class=\"elementor-element elementor-element-073e65d e-flex e-con-boxed e-con e-parent\" data-id=\"073e65d\" data-element_type=\"container\" data-e-type=\"container\">\n\t\t\t\t\t<div class=\"e-con-inner\">\n\t\t\t\t<div class=\"elementor-element elementor-element-d4edac0 elementor-invisible elementor-widget elementor-widget-text-editor\" data-id=\"d4edac0\" data-element_type=\"widget\" data-e-type=\"widget\" data-settings=\"{&quot;_animation&quot;:&quot;slideInRight&quot;}\" data-widget_type=\"text-editor.default\">\n\t\t\t\t\t\t\t\t\t<p>Jenseits des Funktionier-Modus und im Entspannen des Nochnichtgenugseins entfalten sich Lebendigkeit, F\u00fclle und innerer Frieden.<\/p>\t\t\t\t\t\t\t\t<\/div>\n\t\t\t\t<div class=\"elementor-element elementor-element-3b16b48 elementor-invisible elementor-widget elementor-widget-text-editor\" data-id=\"3b16b48\" data-element_type=\"widget\" data-e-type=\"widget\" data-settings=\"{&quot;_animation&quot;:&quot;slideInRight&quot;}\" data-widget_type=\"text-editor.default\">\n\t\t\t\t\t\t\t\t\t<p>Lausche nach innen und finde zu einer Kraft in dir, die unter deiner Alltags-Schicht verborgen liegt.\u00a0<\/p>\t\t\t\t\t\t\t\t<\/div>\n\t\t\t\t<div class=\"elementor-element elementor-element-f6f2d9b elementor-invisible elementor-widget elementor-widget-text-editor\" data-id=\"f6f2d9b\" data-element_type=\"widget\" data-e-type=\"widget\" data-settings=\"{&quot;_animation&quot;:&quot;slideInRight&quot;}\" data-widget_type=\"text-editor.default\">\n\t\t\t\t\t\t\t\t\t<p>Achtsamkeit und Meditation schaffen einen n\u00e4hrenden Raum, in dem es m\u00f6glich wird, ganz in den gegenw\u00e4rtigen Moment einzutauchen und die Vollkommenheit tief inmitten aller Unzul\u00e4nglichkeit zu erfahren.<\/p>\t\t\t\t\t\t\t\t<\/div>\n\t\t\t\t<div class=\"elementor-element elementor-element-286b419 elementor-invisible elementor-widget elementor-widget-text-editor\" data-id=\"286b419\" data-element_type=\"widget\" data-e-type=\"widget\" data-settings=\"{&quot;_animation&quot;:&quot;slideInRight&quot;}\" data-widget_type=\"text-editor.default\">\n\t\t\t\t\t\t\t\t\t<p>Dies ist ein \u201eRendezvous\u201c mit deinem Innersten. Eine Auszeit des heilsamen Auftankens, des liebevollen Loslassens und der spielerischen Selbsterforschung.\u00a0<\/p>\t\t\t\t\t\t\t\t<\/div>\n\t\t\t\t\t<\/div>\n\t\t\t\t<\/div>\n\t\t<div class=\"elementor-element elementor-element-4d8d38c e-flex e-con-boxed e-con e-parent\" data-id=\"4d8d38c\" data-element_type=\"container\" data-e-type=\"container\">\n\t\t\t\t\t<div class=\"e-con-inner\">\n\t\t\t\t<div class=\"elementor-element elementor-element-d3332e2 elementor-widget elementor-widget-image\" data-id=\"d3332e2\" data-element_type=\"widget\" data-e-type=\"widget\" data-widget_type=\"image.default\">\n\t\t\t\t\t\t\t\t\t\t\t\t\t\t\t<img fetchpriority=\"high\" decoding=\"async\" width=\"1065\" height=\"557\" src=\"https:\/\/fincaelmorisco.com\/wp-content\/uploads\/2025\/04\/12_Achtsamkeit-Meditation-Casa-el-Morisco-Graciette-Justo-3.jpg\" class=\"attachment-large size-large wp-image-15165\" alt=\"\" srcset=\"https:\/\/fincaelmorisco.com\/wp-content\/uploads\/2025\/04\/12_Achtsamkeit-Meditation-Casa-el-Morisco-Graciette-Justo-3.jpg 1065w, https:\/\/fincaelmorisco.com\/wp-content\/uploads\/2025\/04\/12_Achtsamkeit-Meditation-Casa-el-Morisco-Graciette-Justo-3-768x402.jpg 768w\" sizes=\"(max-width: 1065px) 100vw, 1065px\" \/>\t\t\t\t\t\t\t\t\t\t\t\t\t\t\t<\/div>\n\t\t\t\t\t<\/div>\n\t\t\t\t<\/div>\n\t\t<div class=\"elementor-element elementor-element-5df273d e-flex e-con-boxed e-con e-parent\" data-id=\"5df273d\" data-element_type=\"container\" data-e-type=\"container\">\n\t\t\t\t\t<div class=\"e-con-inner\">\n\t\t\t\t<div class=\"elementor-element elementor-element-f2c592a elementor-invisible elementor-widget elementor-widget-text-editor\" data-id=\"f2c592a\" data-element_type=\"widget\" data-e-type=\"widget\" data-settings=\"{&quot;_animation&quot;:&quot;bounceInDown&quot;}\" data-widget_type=\"text-editor.default\">\n\t\t\t\t\t\t\t\t\t<p>Dich erwartet eine inspirierende Mischung aus: Sitzmeditationen, Cacao Zeremonie, Imaginationsreisen, sanftes Yoga, pers\u00f6nliche Herzenskontemplation, Soundhealing, Conscious Dance (sanfter freier Tanz mit Augenbinden), Bodyscan (gef\u00fchrte K\u00f6rperwahrnehmung zur Tiefenentspannung im Liegen), Weisheitsgeschichten im Kerzenschein und mehr&#8230; In der paradiesichen Oase an der andalusischen Sonnenk\u00fcste.<\/p>\t\t\t\t\t\t\t\t<\/div>\n\t\t\t\t<div class=\"elementor-element elementor-element-4273ef0 elementor-invisible elementor-widget elementor-widget-text-editor\" data-id=\"4273ef0\" data-element_type=\"widget\" data-e-type=\"widget\" data-settings=\"{&quot;_animation&quot;:&quot;bounceInDown&quot;}\" data-widget_type=\"text-editor.default\">\n\t\t\t\t\t\t\t\t\t<p><span style=\"font-size: 20px;\">Die liebevoll angeleiteten Achtsamkeits-Praktiken kultivieren Lebensfreude und Balance, und lassen den aufgew\u00fchlten Geist still und klar werden. Geborgen in der F\u00fclle des Augenblicks.<\/span><\/p>\t\t\t\t\t\t\t\t<\/div>\n\t\t\t\t\t<\/div>\n\t\t\t\t<\/div>\n\t\t<div class=\"elementor-element elementor-element-562c098 e-flex e-con-boxed e-con e-parent\" data-id=\"562c098\" data-element_type=\"container\" data-e-type=\"container\">\n\t\t\t\t\t<div class=\"e-con-inner\">\n\t\t<div class=\"elementor-element elementor-element-271d882 e-con-full e-flex e-con e-child\" data-id=\"271d882\" data-element_type=\"container\" data-e-type=\"container\">\n\t\t\t\t<div class=\"elementor-element elementor-element-d02b844 elementor-invisible elementor-widget elementor-widget-image\" data-id=\"d02b844\" data-element_type=\"widget\" data-e-type=\"widget\" data-settings=\"{&quot;_animation&quot;:&quot;bounceInLeft&quot;}\" data-widget_type=\"image.default\">\n\t\t\t\t\t\t\t\t\t\t\t\t\t\t\t<img decoding=\"async\" width=\"400\" height=\"689\" src=\"https:\/\/fincaelmorisco.com\/wp-content\/uploads\/2025\/04\/12_Achtsamkeit-Meditation-Casa-el-Morisco-Graciette-Justo.jpg\" class=\"attachment-large size-large wp-image-15167\" alt=\"\" \/>\t\t\t\t\t\t\t\t\t\t\t\t\t\t\t<\/div>\n\t\t\t\t<\/div>\n\t\t<div class=\"elementor-element elementor-element-0fc6b8f e-con-full e-flex e-con e-child\" data-id=\"0fc6b8f\" data-element_type=\"container\" data-e-type=\"container\">\n\t\t\t\t<div class=\"elementor-element elementor-element-f11de43 elementor-invisible elementor-widget elementor-widget-text-editor\" data-id=\"f11de43\" data-element_type=\"widget\" data-e-type=\"widget\" data-settings=\"{&quot;_animation&quot;:&quot;bounceInRight&quot;}\" data-widget_type=\"text-editor.default\">\n\t\t\t\t\t\t\t\t\t<p><span style=\"font-size: 20px;\"><b>\u238a Die Kursleiterin \u238a<\/b><\/span><\/p><p>Graciette Justo ist Meditations-Lehrerin und zertifizierte MBSR-Lehrerin (Mindfulness based stress reduction \u2013 Stressbew\u00e4ltigung durch Achtsamkeit). Sie leitet Schweige-Retreats, Meditationskurse und Achtsamkeits-Reisen in Retreath\u00e4usern und Kl\u00f6stern in Deutschland, \u00d6sterreich, Spanien und Griechenland. Mit gro\u00dfer Hingabe, viel Feingef\u00fchl, Humor und Herzensw\u00e4rme verbindet sie Achtsamkeits-Praktiken aus dem MBSR mit vertiefenden buddhistischen wie auch schamanischen Elementen.<\/p>\t\t\t\t\t\t\t\t<\/div>\n\t\t\t\t<\/div>\n\t\t\t\t\t<\/div>\n\t\t\t\t<\/div>\n\t\t<div class=\"elementor-element elementor-element-5f6eb0b e-flex e-con-boxed e-con e-parent\" data-id=\"5f6eb0b\" data-element_type=\"container\" data-e-type=\"container\">\n\t\t\t\t\t<div class=\"e-con-inner\">\n\t\t\t\t<div class=\"elementor-element elementor-element-2a452eb elementor-invisible elementor-widget elementor-widget-text-editor\" data-id=\"2a452eb\" data-element_type=\"widget\" data-e-type=\"widget\" data-settings=\"{&quot;_animation&quot;:&quot;bounceInDown&quot;}\" data-widget_type=\"text-editor.default\">\n\t\t\t\t\t\t\t\t\t<p><span style=\"font-size: 20px;\"><b>\u238a Teilnahmevoraussetzung \u238a<\/b><\/span><\/p><p>Geeignet f\u00fcr Teilnehmende mit und ohne Vorerfahrung. Die F\u00e4higkeit im meditativen Schneidersitz zu sitzen ist nicht n\u00f6tig.<\/p><p><b>\u238a Ostersonne \u238a<\/b><\/p><p>Willkommen im &#8222;Land des Lichts&#8220;. W\u00e4hrend es im April in Deutschland grau ist, ist es in Andalusien schon warm und bunt. Wer Erfrischung sucht, genie\u00dft unseren Mosaik best\u00fcckten Salzwasser-Pool, und wem es noch nicht warm genug sein sollte, bekommt einen Abend Sauna gratis dazu. \ud83d\ude42<\/p><p><b>\u238a Unsere Oase \u238a<\/b><\/p><p>Dieser paradiesische Kraftort bietet lauschige Pl\u00e4tze mit H\u00e4ngematten inmitten von Palmen, Teich mit Tempel, eine Sauna, Pool, Trampolin, Synergieschaukel und unser Terrassen-Restaurant mit Panoramablick aufs blaue Meer.\u00a0<\/p><p>Der lange Sandstrand des kleinen Fischerdorfes ist in nur 20 Gehinuten zu erreichen. Dort gibt es Cafes, Restaurants und auch Strandliegen mit Schirmen.<\/p><p>Auch Massagen sind f\u00fcr einen Aufpreis im Massage-H\u00e4uschen t\u00e4glich buchbar (\u00d6l, Hot-Stone, Klangmassage, Ayurvedisch&#8230;). Was man im Paradies eben so macht&#8230;<\/p><p><b>\u238a Dein Apartment \u238a<\/b><\/p><p>Auf dich wartet ein stilvoll eingerichtetes, helles Appartment mit eigenem Bad und Terrasse. Alle Appartments sind mit einer Klimaanlage, Handt\u00fcchern, Moskitofensterschutz und Tresor ausgestattet. Und es gibt kostenfreies Wlan im Restaurant und Au\u00dfenbereich.<\/p><p><b>\u238a Unsere Yoga-Halle \u238a<\/b><\/p><p>Unsere wundersch\u00f6ne, lichtdurchflutete Yoga-Halle ist mit charismatischen Fensterb\u00f6gen ausgestattet. Die spanische Veranda mit Teich und Tempel sorgen f\u00fcr ein malerisches Ambiente f\u00fcr die Pause zwischendurch.<\/p><p><b>\u238a Freizeitgenuss &amp; Sehensw\u00fcrdigkeiten \u238a<\/b><\/p><p>In der freien Zeit besteht die M\u00f6glichkeit zum individuellen R\u00fcckzug, wie auch zum gemeinsamen Beisammensein. Sonnen am Sandstrand, Wandern in der sch\u00f6nen H\u00fcgellandschaft. Abendliches Singen oder sch\u00f6ne Gespr\u00e4che unterm Sternenhimmel.<\/p><p>Ebenso werden (f\u00fcr einen kleinen Fahrtkostenpreis) Ausfl\u00fcge angeboten: Zu Picassos Geburtsstadt M\u00e1laga, ins wei\u00dfe Dorf Frigiliana mit Bummel durch die Altstadt oder zur Tropfsteinh\u00f6hle in Nerja. Alles kann &#8211; nichts muss.<\/p>\t\t\t\t\t\t\t\t<\/div>\n\t\t\t\t\t<\/div>\n\t\t\t\t<\/div>\n\t\t<div class=\"elementor-element elementor-element-f4546a6 e-flex e-con-boxed elementor-invisible e-con e-parent\" data-id=\"f4546a6\" data-element_type=\"container\" data-e-type=\"container\" data-settings=\"{&quot;animation&quot;:&quot;rotateIn&quot;}\">\n\t\t\t\t\t<div class=\"e-con-inner\">\n\t\t\t\t<div class=\"elementor-element elementor-element-9239262 elementor-widget elementor-widget-image\" data-id=\"9239262\" data-element_type=\"widget\" data-e-type=\"widget\" data-widget_type=\"image.default\">\n\t\t\t\t\t\t\t\t\t\t\t\t\t\t\t<img fetchpriority=\"high\" decoding=\"async\" width=\"1065\" height=\"557\" src=\"https:\/\/fincaelmorisco.com\/wp-content\/uploads\/2025\/04\/12_Achtsamkeit-Meditation-Casa-el-Morisco-Graciette-Justo-3.jpg\" class=\"attachment-large size-large wp-image-15165\" alt=\"\" srcset=\"https:\/\/fincaelmorisco.com\/wp-content\/uploads\/2025\/04\/12_Achtsamkeit-Meditation-Casa-el-Morisco-Graciette-Justo-3.jpg 1065w, https:\/\/fincaelmorisco.com\/wp-content\/uploads\/2025\/04\/12_Achtsamkeit-Meditation-Casa-el-Morisco-Graciette-Justo-3-768x402.jpg 768w\" sizes=\"(max-width: 1065px) 100vw, 1065px\" \/>\t\t\t\t\t\t\t\t\t\t\t\t\t\t\t<\/div>\n\t\t\t\t<div class=\"elementor-element elementor-element-6e89622 elementor-widget elementor-widget-image\" data-id=\"6e89622\" data-element_type=\"widget\" data-e-type=\"widget\" data-widget_type=\"image.default\">\n\t\t\t\t\t\t\t\t\t\t\t\t\t\t\t<img decoding=\"async\" width=\"640\" height=\"884\" src=\"https:\/\/fincaelmorisco.com\/wp-content\/uploads\/2025\/04\/08_Achtsamkeit-Meditation-Casa-el-Morisco-Graciette-Justo.jpg\" class=\"attachment-large size-large wp-image-15159\" alt=\"\" \/>\t\t\t\t\t\t\t\t\t\t\t\t\t\t\t<\/div>\n\t\t\t\t<div class=\"elementor-element elementor-element-8e7b8f9 elementor-widget elementor-widget-image\" data-id=\"8e7b8f9\" data-element_type=\"widget\" data-e-type=\"widget\" data-widget_type=\"image.default\">\n\t\t\t\t\t\t\t\t\t\t\t\t\t\t\t<img loading=\"lazy\" decoding=\"async\" width=\"1065\" height=\"600\" src=\"https:\/\/fincaelmorisco.com\/wp-content\/uploads\/2025\/04\/12_Achtsamkeit-Meditation-Casa-el-Morisco-Graciette-Justo-2.jpg\" class=\"attachment-large size-large wp-image-15163\" alt=\"\" srcset=\"https:\/\/fincaelmorisco.com\/wp-content\/uploads\/2025\/04\/12_Achtsamkeit-Meditation-Casa-el-Morisco-Graciette-Justo-2.jpg 1065w, https:\/\/fincaelmorisco.com\/wp-content\/uploads\/2025\/04\/12_Achtsamkeit-Meditation-Casa-el-Morisco-Graciette-Justo-2-768x433.jpg 768w, https:\/\/fincaelmorisco.com\/wp-content\/uploads\/2025\/04\/12_Achtsamkeit-Meditation-Casa-el-Morisco-Graciette-Justo-2-400x225.jpg 400w, https:\/\/fincaelmorisco.com\/wp-content\/uploads\/2025\/04\/12_Achtsamkeit-Meditation-Casa-el-Morisco-Graciette-Justo-2-780x439.jpg 780w, https:\/\/fincaelmorisco.com\/wp-content\/uploads\/2025\/04\/12_Achtsamkeit-Meditation-Casa-el-Morisco-Graciette-Justo-2-300x169.jpg 300w\" sizes=\"(max-width: 1065px) 100vw, 1065px\" \/>\t\t\t\t\t\t\t\t\t\t\t\t\t\t\t<\/div>\n\t\t\t\t\t<\/div>\n\t\t\t\t<\/div>\n\t\t<div class=\"elementor-element elementor-element-6793890 e-flex e-con-boxed e-con e-parent\" data-id=\"6793890\" data-element_type=\"container\" data-e-type=\"container\">\n\t\t\t\t\t<div class=\"e-con-inner\">\n\t\t\t\t<div class=\"elementor-element elementor-element-7c5cd1e elementor-invisible elementor-widget elementor-widget-text-editor\" data-id=\"7c5cd1e\" data-element_type=\"widget\" data-e-type=\"widget\" data-settings=\"{&quot;_animation&quot;:&quot;bounceInDown&quot;}\" data-widget_type=\"text-editor.default\">\n\t\t\t\t\t\t\t\t\t<p>\u00a0<\/p><p><b>\u238a Teilnehmerstimmen \u238a<\/b><\/p><p>&#8222;Es ist immer wieder eine gro\u00dfe Freude und Bereicherung an Graciettes Achtsamkeits-Seminaren teilzunehmen. Ihre kompetente und so einf\u00fchlsame und vielf\u00e4ltige Art, jeden einzelnen zu sehen, zu ber\u00fchren und zu leiten ist so ein gro\u00dfes Geschenk. Sie findet tiefgehende Worte, Weisheiten und immer sp\u00fcrt man dabei ihre tiefe Verbundenheit mit allem was Leben bedeutet. Ich lerne und staune und f\u00fchle mich immer wieder angeregt und ber\u00fchrt. Ich komme nach Hause und bin gleichzeitig wieder mit allem neu verbunden.<\/p><p>Graciette, du bist wichtig in dieser Welt, deine Arbeit ist wundervoll und bereichernd. Es ist f\u00fcr mich etwas besonderes dich kennengelernt zu haben. Ich danke dir.&#8220;\u00a0<\/p><p>&#8222;Alle Glaubensrichtungen h\u00e4tten teilnehmen k\u00f6nnen, ohne Ansto\u00df zu nehmen.&#8220;\u00a0<\/p><p>&#8222;Noch immer schwebe ich auf einer Wolke der Achtsamkeit und Ruhe, obwohl meine Achtsamkeits- und Meditationswoche in Andalusien schon l\u00e4ngst vor\u00fcber ist. Ich f\u00fchle mich sehr geerdet und bei mir und danke Graciette f\u00fcr ihre einf\u00fchlsame Art. Noch immer sehe ich den wundersch\u00f6nen Meditationsraum vor mir, still, lichtdurchflutet und der Wind ber\u00fchrt meine Haut. Besonders in Erinnerung ist mir der letzte Abend: Meditation im Freien bei Einbruch der Dunkelheit, den Sternenhimmel zu bestaunen und unter diesem zu tanzen. Alles kann, nichts muss\u2026 Graciette, du bist wunderbar!&#8220;\u00a0<\/p><p>&#8222;Das Achtsamkeits-Seminar hat mein Herz ber\u00fchrt, es war eine unglaubliche Erfahrung!&#8220;\u00a0<\/p><p>&#8222;Ich bin so reich beschenkt worden. Denn diese unbeschreiblich wertvolle Achtsamkeits-Woche war eine unglaubliche Bereicherung an Erkenntnissen, tiefen Erfahrungen, freudvollen Momenten, neuen Entdeckungen, spielerischen Funken und vieles, vieles mehr. Es mag sicher einige ausgezeichnete Achtsamkeits- oder Meditationslehrer geben, die ebenfalls ganz wunderbare Retreats machen. Graciette jedoch hat zudem noch eine ganz au\u00dfergew\u00f6hnliche Eigenschaft: Als Schauspielerin &amp; Achtsamkeitslehrerin bedient sie eine Bandbreite, die von spielerischem Ausprobieren und intuitivem Improvisieren bis hin zu den sanftesten, zartesten und rezeptivsten T\u00f6nen reicht, und sie vermag den gesamten Raum dazwischen ebenfalls zu halten.&#8220;\u00a0<\/p><p>&#8222;Graciettes klare, so angenehme Stimme und Pr\u00e4senz waren ein sicherer Anker. Ich wei\u00df nicht wie lange das Gef\u00fchl noch nachschwingt, aber ich werde es h\u00fcten wie ein Geschenk, das man immer wieder auspacken darf.&#8220;\u00a0<\/p><p>&#8222;Dieser besondere Ort und Graciettes feine Arbeit haben ein Setting geschaffen in dem unsere Masken schnell fallen durften. Hinter diesen Masken findet sich immer Sch\u00f6nheit und etwas zutiefst Vertrautes.&#8220;\u00a0<\/p><p>&#8222;Graciettes warmherzige und einf\u00fchlsame Art ist eine besondere Gabe. Mit ihrer humorvollen Art, Lebendigkeit und Kreativit\u00e4t waren die Anleitungen mit ganz viel Leichtigkeit versehen. F\u00fcr uns ist das sehr hilfreich und wertvoll. Das T\u00fcpfelchen auf dem i ist ihre sanfte und liebevolle Stimme, mit der sie uns sehr ber\u00fchrt hat.&#8220;\u00a0<\/p><p>&#8222;Dieses Seminar hat mir eine Klarheit und innere Ordnung gebracht, die ich alleine nicht geschafft h\u00e4tte.&#8220;<\/p>\t\t\t\t\t\t\t\t<\/div>\n\t\t\t\t\t<\/div>\n\t\t\t\t<\/div>\n\t\t<div class=\"elementor-element elementor-element-277bfc3 e-flex e-con-boxed e-con e-parent\" data-id=\"277bfc3\" data-element_type=\"container\" data-e-type=\"container\">\n\t\t\t\t\t<div class=\"e-con-inner\">\n\t\t\t\t<div class=\"elementor-element elementor-element-24299ba elementor-invisible elementor-widget elementor-widget-text-editor\" data-id=\"24299ba\" data-element_type=\"widget\" data-e-type=\"widget\" data-settings=\"{&quot;_animation&quot;:&quot;bounceInDown&quot;}\" data-widget_type=\"text-editor.default\">\n\t\t\t\t\t\t\t\t\t<p><strong>\u238a Infos &amp; Buchung \u238a<\/strong><\/p><p>Das Achtsamkeits-Seminar ist inklusive Bio-Vollpension, Unterkunft in komfortablem Apartment, Flughafentransfer und einem Sauna-Abend.\u00a0<\/p><p>Nur der Flug ist selbst zu organisieren.\u00a0<\/p><p>Alle weiteren Informationen gibt es\u00a0<a href=\"http:\/\/www.mbsr-muenchen.net\/\">hier\u00a0<\/a>\u00a0(Tagesablauf, Preis, Online-Buchung, Bilder)<\/p>\t\t\t\t\t\t\t\t<\/div>\n\t\t\t\t\t<\/div>\n\t\t\t\t<\/div>\n\t\t\t\t<\/div>\n\t\t","protected":false},"excerpt":{"rendered":"<p>Achtsamkeitsmeditation \u201eVerliebt ins Jetzt\u201c Jenseits des Funktionier-Modus und im Entspannen des Nochnichtgenugseins entfalten sich Lebendigkeit, F\u00fclle und innerer Frieden. Lausche nach innen und finde zu einer Kraft in dir, die unter deiner Alltags-Schicht verborgen liegt.\u00a0 Achtsamkeit und Meditation schaffen einen <a class=\"more-link\" href=\"https:\/\/fincaelmorisco.com\/?p=15151\">weiterlesen&#8230;<\/a><\/p>\n","protected":false},"author":1,"featured_media":15161,"comment_status":"closed","ping_status":"closed","sticky":false,"template":"","format":"standard","meta":{"_exactmetrics_skip_tracking":false,"_exactmetrics_sitenote_active":false,"_exactmetrics_sitenote_note":"","_exactmetrics_sitenote_category":0,"footnotes":""},"categories":[61],"tags":[],"class_list":["post-15151","post","type-post","status-publish","format-standard","has-post-thumbnail","hentry","category-seminare-2028"],"yoast_head":"<!-- This site is optimized with the Yoast SEO plugin v27.4 - https:\/\/yoast.com\/product\/yoast-seo-wordpress\/ -->\n<title>Achtsamkeitsmeditation \u201eVerliebt ins Jetzt\u201c (2028) - Finca el Morisco<\/title>\n<meta name=\"robots\" content=\"index, follow, max-snippet:-1, max-image-preview:large, max-video-preview:-1\" \/>\n<link rel=\"canonical\" href=\"https:\/\/fincaelmorisco.com\/?p=15151\" \/>\n<meta property=\"og:locale\" content=\"de_DE\" \/>\n<meta property=\"og:type\" content=\"article\" \/>\n<meta property=\"og:title\" content=\"Achtsamkeitsmeditation \u201eVerliebt ins Jetzt\u201c (2028) - Finca el Morisco\" \/>\n<meta property=\"og:description\" content=\"Achtsamkeitsmeditation \u201eVerliebt ins Jetzt\u201c Jenseits des Funktionier-Modus und im Entspannen des Nochnichtgenugseins entfalten sich Lebendigkeit, F\u00fclle und innerer Frieden. Lausche nach innen und finde zu einer Kraft in dir, die unter deiner Alltags-Schicht verborgen liegt.\u00a0 Achtsamkeit und Meditation schaffen einen weiterlesen...\" \/>\n<meta property=\"og:url\" content=\"https:\/\/fincaelmorisco.com\/?p=15151\" \/>\n<meta property=\"og:site_name\" content=\"Finca el Morisco\" \/>\n<meta property=\"article:published_time\" content=\"2025-04-14T09:37:42+00:00\" \/>\n<meta property=\"article:modified_time\" content=\"2025-04-19T12:01:39+00:00\" \/>\n<meta property=\"og:image\" content=\"https:\/\/fincaelmorisco.com\/wp-content\/uploads\/2025\/04\/12_Achtsamkeit-Meditation-Casa-el-Morisco-Graciette-Justo-1.jpg\" \/>\n\t<meta property=\"og:image:width\" content=\"1065\" \/>\n\t<meta property=\"og:image:height\" content=\"685\" \/>\n\t<meta property=\"og:image:type\" content=\"image\/jpeg\" \/>\n<meta name=\"author\" content=\"Finca El Morisco\" \/>\n<meta name=\"twitter:card\" content=\"summary_large_image\" \/>\n<meta name=\"twitter:label1\" content=\"Verfasst von\" \/>\n\t<meta name=\"twitter:data1\" content=\"\" \/>\n\t<meta name=\"twitter:label2\" content=\"Gesch\u00e4tzte Lesezeit\" \/>\n\t<meta name=\"twitter:data2\" content=\"7\u00a0Minuten\" \/>\n<script type=\"application\/ld+json\" class=\"yoast-schema-graph\">{\"@context\":\"https:\\\/\\\/schema.org\",\"@graph\":[{\"@type\":\"Article\",\"@id\":\"https:\\\/\\\/fincaelmorisco.com\\\/?p=15151#article\",\"isPartOf\":{\"@id\":\"https:\\\/\\\/fincaelmorisco.com\\\/?p=15151\"},\"author\":{\"name\":\"Finca El Morisco\",\"@id\":\"https:\\\/\\\/fincaelmorisco.com\\\/#\\\/schema\\\/person\\\/514dfb93478c8e8ea012c3c2779bc906\"},\"headline\":\"Achtsamkeitsmeditation \u201eVerliebt ins Jetzt\u201c (2028)\",\"datePublished\":\"2025-04-14T09:37:42+00:00\",\"dateModified\":\"2025-04-19T12:01:39+00:00\",\"mainEntityOfPage\":{\"@id\":\"https:\\\/\\\/fincaelmorisco.com\\\/?p=15151\"},\"wordCount\":1002,\"publisher\":{\"@id\":\"https:\\\/\\\/fincaelmorisco.com\\\/#organization\"},\"image\":{\"@id\":\"https:\\\/\\\/fincaelmorisco.com\\\/?p=15151#primaryimage\"},\"thumbnailUrl\":\"https:\\\/\\\/fincaelmorisco.com\\\/wp-content\\\/uploads\\\/2025\\\/04\\\/12_Achtsamkeit-Meditation-Casa-el-Morisco-Graciette-Justo-1.jpg\",\"articleSection\":[\"Seminare 2028\"],\"inLanguage\":\"de\"},{\"@type\":\"WebPage\",\"@id\":\"https:\\\/\\\/fincaelmorisco.com\\\/?p=15151\",\"url\":\"https:\\\/\\\/fincaelmorisco.com\\\/?p=15151\",\"name\":\"Achtsamkeitsmeditation \u201eVerliebt ins Jetzt\u201c (2028) - Finca el Morisco\",\"isPartOf\":{\"@id\":\"https:\\\/\\\/fincaelmorisco.com\\\/#website\"},\"primaryImageOfPage\":{\"@id\":\"https:\\\/\\\/fincaelmorisco.com\\\/?p=15151#primaryimage\"},\"image\":{\"@id\":\"https:\\\/\\\/fincaelmorisco.com\\\/?p=15151#primaryimage\"},\"thumbnailUrl\":\"https:\\\/\\\/fincaelmorisco.com\\\/wp-content\\\/uploads\\\/2025\\\/04\\\/12_Achtsamkeit-Meditation-Casa-el-Morisco-Graciette-Justo-1.jpg\",\"datePublished\":\"2025-04-14T09:37:42+00:00\",\"dateModified\":\"2025-04-19T12:01:39+00:00\",\"breadcrumb\":{\"@id\":\"https:\\\/\\\/fincaelmorisco.com\\\/?p=15151#breadcrumb\"},\"inLanguage\":\"de\",\"potentialAction\":[{\"@type\":\"ReadAction\",\"target\":[\"https:\\\/\\\/fincaelmorisco.com\\\/?p=15151\"]}]},{\"@type\":\"ImageObject\",\"inLanguage\":\"de\",\"@id\":\"https:\\\/\\\/fincaelmorisco.com\\\/?p=15151#primaryimage\",\"url\":\"https:\\\/\\\/fincaelmorisco.com\\\/wp-content\\\/uploads\\\/2025\\\/04\\\/12_Achtsamkeit-Meditation-Casa-el-Morisco-Graciette-Justo-1.jpg\",\"contentUrl\":\"https:\\\/\\\/fincaelmorisco.com\\\/wp-content\\\/uploads\\\/2025\\\/04\\\/12_Achtsamkeit-Meditation-Casa-el-Morisco-Graciette-Justo-1.jpg\",\"width\":1065,\"height\":685},{\"@type\":\"BreadcrumbList\",\"@id\":\"https:\\\/\\\/fincaelmorisco.com\\\/?p=15151#breadcrumb\",\"itemListElement\":[{\"@type\":\"ListItem\",\"position\":1,\"name\":\"Home\",\"item\":\"https:\\\/\\\/fincaelmorisco.com\\\/\"},{\"@type\":\"ListItem\",\"position\":2,\"name\":\"Achtsamkeitsmeditation \u201eVerliebt ins Jetzt\u201c (2028)\"}]},{\"@type\":\"WebSite\",\"@id\":\"https:\\\/\\\/fincaelmorisco.com\\\/#website\",\"url\":\"https:\\\/\\\/fincaelmorisco.com\\\/\",\"name\":\"Finca el Morisco\",\"description\":\"Yogaurlaub in Andalusien Finca El Morisco\",\"publisher\":{\"@id\":\"https:\\\/\\\/fincaelmorisco.com\\\/#organization\"},\"potentialAction\":[{\"@type\":\"SearchAction\",\"target\":{\"@type\":\"EntryPoint\",\"urlTemplate\":\"https:\\\/\\\/fincaelmorisco.com\\\/?s={search_term_string}\"},\"query-input\":{\"@type\":\"PropertyValueSpecification\",\"valueRequired\":true,\"valueName\":\"search_term_string\"}}],\"inLanguage\":\"de\"},{\"@type\":\"Organization\",\"@id\":\"https:\\\/\\\/fincaelmorisco.com\\\/#organization\",\"name\":\"Finca El Morisco\",\"url\":\"https:\\\/\\\/fincaelmorisco.com\\\/\",\"logo\":{\"@type\":\"ImageObject\",\"inLanguage\":\"de\",\"@id\":\"https:\\\/\\\/fincaelmorisco.com\\\/#\\\/schema\\\/logo\\\/image\\\/\",\"url\":\"https:\\\/\\\/fincaelmorisco.com\\\/wp-content\\\/uploads\\\/2022\\\/02\\\/Finca-El-Morisco-Logo.png\",\"contentUrl\":\"https:\\\/\\\/fincaelmorisco.com\\\/wp-content\\\/uploads\\\/2022\\\/02\\\/Finca-El-Morisco-Logo.png\",\"width\":521,\"height\":123,\"caption\":\"Finca El Morisco\"},\"image\":{\"@id\":\"https:\\\/\\\/fincaelmorisco.com\\\/#\\\/schema\\\/logo\\\/image\\\/\"}},{\"@type\":\"Person\",\"@id\":\"https:\\\/\\\/fincaelmorisco.com\\\/#\\\/schema\\\/person\\\/514dfb93478c8e8ea012c3c2779bc906\",\"name\":\"Finca El Morisco\",\"image\":{\"@type\":\"ImageObject\",\"inLanguage\":\"de\",\"@id\":\"https:\\\/\\\/secure.gravatar.com\\\/avatar\\\/4eef53a659eacb6d411309b59a0f8b82cbd5132928fc43e54e365596467f3734?s=96&d=mm&r=g\",\"url\":\"https:\\\/\\\/secure.gravatar.com\\\/avatar\\\/4eef53a659eacb6d411309b59a0f8b82cbd5132928fc43e54e365596467f3734?s=96&d=mm&r=g\",\"contentUrl\":\"https:\\\/\\\/secure.gravatar.com\\\/avatar\\\/4eef53a659eacb6d411309b59a0f8b82cbd5132928fc43e54e365596467f3734?s=96&d=mm&r=g\",\"caption\":\"Finca El Morisco\"},\"sameAs\":[\"https:\\\/\\\/fincaelmorisco.com\"],\"url\":\"https:\\\/\\\/fincaelmorisco.com\\\/?author=1\"}]}<\/script>\n<!-- \/ Yoast SEO plugin. -->","yoast_head_json":{"title":"Achtsamkeitsmeditation \u201eVerliebt ins Jetzt\u201c (2028) - Finca el Morisco","robots":{"index":"index","follow":"follow","max-snippet":"max-snippet:-1","max-image-preview":"max-image-preview:large","max-video-preview":"max-video-preview:-1"},"canonical":"https:\/\/fincaelmorisco.com\/?p=15151","og_locale":"de_DE","og_type":"article","og_title":"Achtsamkeitsmeditation \u201eVerliebt ins Jetzt\u201c (2028) - Finca el Morisco","og_description":"Achtsamkeitsmeditation \u201eVerliebt ins Jetzt\u201c Jenseits des Funktionier-Modus und im Entspannen des Nochnichtgenugseins entfalten sich Lebendigkeit, F\u00fclle und innerer Frieden. Lausche nach innen und finde zu einer Kraft in dir, die unter deiner Alltags-Schicht verborgen liegt.\u00a0 Achtsamkeit und Meditation schaffen einen weiterlesen...","og_url":"https:\/\/fincaelmorisco.com\/?p=15151","og_site_name":"Finca el Morisco","article_published_time":"2025-04-14T09:37:42+00:00","article_modified_time":"2025-04-19T12:01:39+00:00","og_image":[{"width":1065,"height":685,"url":"https:\/\/fincaelmorisco.com\/wp-content\/uploads\/2025\/04\/12_Achtsamkeit-Meditation-Casa-el-Morisco-Graciette-Justo-1.jpg","type":"image\/jpeg"}],"author":"Finca El Morisco","twitter_card":"summary_large_image","twitter_misc":{"Verfasst von":false,"Gesch\u00e4tzte Lesezeit":"7\u00a0Minuten"},"schema":{"@context":"https:\/\/schema.org","@graph":[{"@type":"Article","@id":"https:\/\/fincaelmorisco.com\/?p=15151#article","isPartOf":{"@id":"https:\/\/fincaelmorisco.com\/?p=15151"},"author":{"name":"Finca El Morisco","@id":"https:\/\/fincaelmorisco.com\/#\/schema\/person\/514dfb93478c8e8ea012c3c2779bc906"},"headline":"Achtsamkeitsmeditation \u201eVerliebt ins Jetzt\u201c (2028)","datePublished":"2025-04-14T09:37:42+00:00","dateModified":"2025-04-19T12:01:39+00:00","mainEntityOfPage":{"@id":"https:\/\/fincaelmorisco.com\/?p=15151"},"wordCount":1002,"publisher":{"@id":"https:\/\/fincaelmorisco.com\/#organization"},"image":{"@id":"https:\/\/fincaelmorisco.com\/?p=15151#primaryimage"},"thumbnailUrl":"https:\/\/fincaelmorisco.com\/wp-content\/uploads\/2025\/04\/12_Achtsamkeit-Meditation-Casa-el-Morisco-Graciette-Justo-1.jpg","articleSection":["Seminare 2028"],"inLanguage":"de"},{"@type":"WebPage","@id":"https:\/\/fincaelmorisco.com\/?p=15151","url":"https:\/\/fincaelmorisco.com\/?p=15151","name":"Achtsamkeitsmeditation \u201eVerliebt ins Jetzt\u201c (2028) - Finca el Morisco","isPartOf":{"@id":"https:\/\/fincaelmorisco.com\/#website"},"primaryImageOfPage":{"@id":"https:\/\/fincaelmorisco.com\/?p=15151#primaryimage"},"image":{"@id":"https:\/\/fincaelmorisco.com\/?p=15151#primaryimage"},"thumbnailUrl":"https:\/\/fincaelmorisco.com\/wp-content\/uploads\/2025\/04\/12_Achtsamkeit-Meditation-Casa-el-Morisco-Graciette-Justo-1.jpg","datePublished":"2025-04-14T09:37:42+00:00","dateModified":"2025-04-19T12:01:39+00:00","breadcrumb":{"@id":"https:\/\/fincaelmorisco.com\/?p=15151#breadcrumb"},"inLanguage":"de","potentialAction":[{"@type":"ReadAction","target":["https:\/\/fincaelmorisco.com\/?p=15151"]}]},{"@type":"ImageObject","inLanguage":"de","@id":"https:\/\/fincaelmorisco.com\/?p=15151#primaryimage","url":"https:\/\/fincaelmorisco.com\/wp-content\/uploads\/2025\/04\/12_Achtsamkeit-Meditation-Casa-el-Morisco-Graciette-Justo-1.jpg","contentUrl":"https:\/\/fincaelmorisco.com\/wp-content\/uploads\/2025\/04\/12_Achtsamkeit-Meditation-Casa-el-Morisco-Graciette-Justo-1.jpg","width":1065,"height":685},{"@type":"BreadcrumbList","@id":"https:\/\/fincaelmorisco.com\/?p=15151#breadcrumb","itemListElement":[{"@type":"ListItem","position":1,"name":"Home","item":"https:\/\/fincaelmorisco.com\/"},{"@type":"ListItem","position":2,"name":"Achtsamkeitsmeditation \u201eVerliebt ins Jetzt\u201c (2028)"}]},{"@type":"WebSite","@id":"https:\/\/fincaelmorisco.com\/#website","url":"https:\/\/fincaelmorisco.com\/","name":"Finca el Morisco","description":"Yogaurlaub in Andalusien Finca El Morisco","publisher":{"@id":"https:\/\/fincaelmorisco.com\/#organization"},"potentialAction":[{"@type":"SearchAction","target":{"@type":"EntryPoint","urlTemplate":"https:\/\/fincaelmorisco.com\/?s={search_term_string}"},"query-input":{"@type":"PropertyValueSpecification","valueRequired":true,"valueName":"search_term_string"}}],"inLanguage":"de"},{"@type":"Organization","@id":"https:\/\/fincaelmorisco.com\/#organization","name":"Finca El Morisco","url":"https:\/\/fincaelmorisco.com\/","logo":{"@type":"ImageObject","inLanguage":"de","@id":"https:\/\/fincaelmorisco.com\/#\/schema\/logo\/image\/","url":"https:\/\/fincaelmorisco.com\/wp-content\/uploads\/2022\/02\/Finca-El-Morisco-Logo.png","contentUrl":"https:\/\/fincaelmorisco.com\/wp-content\/uploads\/2022\/02\/Finca-El-Morisco-Logo.png","width":521,"height":123,"caption":"Finca El Morisco"},"image":{"@id":"https:\/\/fincaelmorisco.com\/#\/schema\/logo\/image\/"}},{"@type":"Person","@id":"https:\/\/fincaelmorisco.com\/#\/schema\/person\/514dfb93478c8e8ea012c3c2779bc906","name":"Finca El Morisco","image":{"@type":"ImageObject","inLanguage":"de","@id":"https:\/\/secure.gravatar.com\/avatar\/4eef53a659eacb6d411309b59a0f8b82cbd5132928fc43e54e365596467f3734?s=96&d=mm&r=g","url":"https:\/\/secure.gravatar.com\/avatar\/4eef53a659eacb6d411309b59a0f8b82cbd5132928fc43e54e365596467f3734?s=96&d=mm&r=g","contentUrl":"https:\/\/secure.gravatar.com\/avatar\/4eef53a659eacb6d411309b59a0f8b82cbd5132928fc43e54e365596467f3734?s=96&d=mm&r=g","caption":"Finca El Morisco"},"sameAs":["https:\/\/fincaelmorisco.com"],"url":"https:\/\/fincaelmorisco.com\/?author=1"}]}},"_links":{"self":[{"href":"https:\/\/fincaelmorisco.com\/index.php?rest_route=\/wp\/v2\/posts\/15151","targetHints":{"allow":["GET"]}}],"collection":[{"href":"https:\/\/fincaelmorisco.com\/index.php?rest_route=\/wp\/v2\/posts"}],"about":[{"href":"https:\/\/fincaelmorisco.com\/index.php?rest_route=\/wp\/v2\/types\/post"}],"author":[{"embeddable":true,"href":"https:\/\/fincaelmorisco.com\/index.php?rest_route=\/wp\/v2\/users\/1"}],"replies":[{"embeddable":true,"href":"https:\/\/fincaelmorisco.com\/index.php?rest_route=%2Fwp%2Fv2%2Fcomments&post=15151"}],"version-history":[{"count":14,"href":"https:\/\/fincaelmorisco.com\/index.php?rest_route=\/wp\/v2\/posts\/15151\/revisions"}],"predecessor-version":[{"id":15233,"href":"https:\/\/fincaelmorisco.com\/index.php?rest_route=\/wp\/v2\/posts\/15151\/revisions\/15233"}],"wp:featuredmedia":[{"embeddable":true,"href":"https:\/\/fincaelmorisco.com\/index.php?rest_route=\/wp\/v2\/media\/15161"}],"wp:attachment":[{"href":"https:\/\/fincaelmorisco.com\/index.php?rest_route=%2Fwp%2Fv2%2Fmedia&parent=15151"}],"wp:term":[{"taxonomy":"category","embeddable":true,"href":"https:\/\/fincaelmorisco.com\/index.php?rest_route=%2Fwp%2Fv2%2Fcategories&post=15151"},{"taxonomy":"post_tag","embeddable":true,"href":"https:\/\/fincaelmorisco.com\/index.php?rest_route=%2Fwp%2Fv2%2Ftags&post=15151"}],"curies":[{"name":"wp","href":"https:\/\/api.w.org\/{rel}","templated":true}]}}