{"id":14173,"date":"2024-01-07T18:26:19","date_gmt":"2024-01-07T17:26:19","guid":{"rendered":"https:\/\/fincaelmorisco.com\/?p=14173"},"modified":"2024-01-07T18:39:27","modified_gmt":"2024-01-07T17:39:27","slug":"gelassenheit-kraft-und-innere-ausrichtung","status":"publish","type":"post","link":"https:\/\/fincaelmorisco.com\/?p=14173","title":{"rendered":"Gelassenheit. Kraft und innere Ausrichtung"},"content":{"rendered":"\t\t<div data-elementor-type=\"wp-post\" data-elementor-id=\"14173\" class=\"elementor elementor-14173\">\n\t\t\t\t<div class=\"elementor-element elementor-element-288c150 e-flex e-con-boxed e-con e-parent\" data-id=\"288c150\" data-element_type=\"container\" data-e-type=\"container\">\n\t\t\t\t\t<div class=\"e-con-inner\">\n\t\t\t\t<div class=\"elementor-element elementor-element-07493de elementor-widget elementor-widget-heading\" data-id=\"07493de\" data-element_type=\"widget\" data-e-type=\"widget\" data-widget_type=\"heading.default\">\n\t\t\t\t\t<h2 class=\"elementor-heading-title elementor-size-default\">Gelassenheit. Kraft und innere Ausrichtung<\/h2>\t\t\t\t<\/div>\n\t\t\t\t<div class=\"elementor-element elementor-element-b7f3b83 elementor-widget elementor-widget-text-editor\" data-id=\"b7f3b83\" data-element_type=\"widget\" data-e-type=\"widget\" data-widget_type=\"text-editor.default\">\n\t\t\t\t\t\t\t\t\t<p>21.4. bis 28.4.2024<\/p>\t\t\t\t\t\t\t\t<\/div>\n\t\t\t\t<div class=\"elementor-element elementor-element-ecf6724 elementor-widget elementor-widget-image\" data-id=\"ecf6724\" data-element_type=\"widget\" data-e-type=\"widget\" data-widget_type=\"image.default\">\n\t\t\t\t\t\t\t\t\t\t\t\t\t\t\t<img fetchpriority=\"high\" decoding=\"async\" width=\"2560\" height=\"1707\" src=\"https:\/\/fincaelmorisco.com\/wp-content\/uploads\/2024\/01\/ViraDrotbohm2024-1-scaled.jpg\" class=\"attachment-large size-large wp-image-14178\" alt=\"\" srcset=\"https:\/\/fincaelmorisco.com\/wp-content\/uploads\/2024\/01\/ViraDrotbohm2024-1-scaled.jpg 2560w, https:\/\/fincaelmorisco.com\/wp-content\/uploads\/2024\/01\/ViraDrotbohm2024-1-768x512.jpg 768w, https:\/\/fincaelmorisco.com\/wp-content\/uploads\/2024\/01\/ViraDrotbohm2024-1-1536x1024.jpg 1536w, https:\/\/fincaelmorisco.com\/wp-content\/uploads\/2024\/01\/ViraDrotbohm2024-1-2048x1365.jpg 2048w\" sizes=\"(max-width: 2560px) 100vw, 2560px\" \/>\t\t\t\t\t\t\t\t\t\t\t\t\t\t\t<\/div>\n\t\t\t\t<div class=\"elementor-element elementor-element-06a0bb4 elementor-invisible elementor-widget elementor-widget-text-editor\" data-id=\"06a0bb4\" data-element_type=\"widget\" data-e-type=\"widget\" data-settings=\"{&quot;_animation&quot;:&quot;zoomInDown&quot;}\" data-widget_type=\"text-editor.default\">\n\t\t\t\t\t\t\t\t\t<p>Diese Yogawoche auf der Finca El Morisco, wird dich unterst\u00fctzen zu entschleunigen als auch eine kraftvolle Neuausrichtung f\u00fcr dich zu definieren. Das Leben ist kurz \u2013 machen wir t\u00e4glich etwas wertvolles daraus.<\/p>\t\t\t\t\t\t\t\t<\/div>\n\t\t\t\t<div class=\"elementor-element elementor-element-7ef10fd elementor-invisible elementor-widget elementor-widget-text-editor\" data-id=\"7ef10fd\" data-element_type=\"widget\" data-e-type=\"widget\" data-settings=\"{&quot;_animation&quot;:&quot;zoomInDown&quot;}\" data-widget_type=\"text-editor.default\">\n\t\t\t\t\t\t\t\t\t<p>Die Finca El Morisco schenkt \u00e4u\u00dferlich alle M\u00f6glichkeiten, um innerlich das loszulassen, was sich immer wieder festh\u00e4ngt. Wir geniessen kraftvolle Natur, H\u00e4ngematten, Meeresbrisen und wunderbares Essen. Der t\u00e4gliche Austausch mit herzlichen Gleichgesinnten mit der M\u00f6glichkeit ganz in Stille zu sein, machen den gro\u00dfen Wohlf\u00fchlfaktor der Woche aus.<\/p>\t\t\t\t\t\t\t\t<\/div>\n\t\t\t\t<div class=\"elementor-element elementor-element-df1fff3 elementor-invisible elementor-widget elementor-widget-text-editor\" data-id=\"df1fff3\" data-element_type=\"widget\" data-e-type=\"widget\" data-settings=\"{&quot;_animation&quot;:&quot;zoomInDown&quot;}\" data-widget_type=\"text-editor.default\">\n\t\t\t\t\t\t\t\t\t<p>Dazu kommt nat\u00fcrlich die pers\u00f6nliche, intensive aber auch achtsame K\u00f6rperarbeit auf deiner Yogamatte:<\/p><p>Wir \u00fcben Hatha Yogas (Stabilit\u00e4t &amp; Halt), gemischt mit sanftem Vinyasa Yoga, (kreative Bewegungssequenzen), Kundalini Yoga Einheiten (der Frischekick) \u00a0&amp; des Yinyoga (Stille &amp; Dehnung).<\/p><p>Dein K\u00f6rper wird dazu durch Qi Gong und aktive Meditationen werden kreativ bewegt und mit Atemarbeit am Meer erfrischt.<\/p>\t\t\t\t\t\t\t\t<\/div>\n\t\t\t\t\t<\/div>\n\t\t\t\t<\/div>\n\t\t<div class=\"elementor-element elementor-element-3267028 e-flex e-con-boxed e-con e-parent\" data-id=\"3267028\" data-element_type=\"container\" data-e-type=\"container\">\n\t\t\t\t\t<div class=\"e-con-inner\">\n\t\t\t\t<div class=\"elementor-element elementor-element-79e4f13 elementor-widget__width-initial elementor-widget elementor-widget-image\" data-id=\"79e4f13\" data-element_type=\"widget\" data-e-type=\"widget\" data-widget_type=\"image.default\">\n\t\t\t\t\t\t\t\t\t\t\t\t\t\t\t<img decoding=\"async\" width=\"2323\" height=\"2021\" src=\"https:\/\/fincaelmorisco.com\/wp-content\/uploads\/2024\/01\/ViraDrotbohm2024-4.jpg\" class=\"attachment-large size-large wp-image-14184\" alt=\"\" srcset=\"https:\/\/fincaelmorisco.com\/wp-content\/uploads\/2024\/01\/ViraDrotbohm2024-4.jpg 2323w, https:\/\/fincaelmorisco.com\/wp-content\/uploads\/2024\/01\/ViraDrotbohm2024-4-768x668.jpg 768w, https:\/\/fincaelmorisco.com\/wp-content\/uploads\/2024\/01\/ViraDrotbohm2024-4-1536x1336.jpg 1536w, https:\/\/fincaelmorisco.com\/wp-content\/uploads\/2024\/01\/ViraDrotbohm2024-4-2048x1782.jpg 2048w\" sizes=\"(max-width: 2323px) 100vw, 2323px\" \/>\t\t\t\t\t\t\t\t\t\t\t\t\t\t\t<\/div>\n\t\t\t\t<div class=\"elementor-element elementor-element-d415167 elementor-widget__width-initial elementor-widget elementor-widget-image\" data-id=\"d415167\" data-element_type=\"widget\" data-e-type=\"widget\" data-widget_type=\"image.default\">\n\t\t\t\t\t\t\t\t\t\t\t\t\t\t\t<img decoding=\"async\" width=\"1412\" height=\"1752\" src=\"https:\/\/fincaelmorisco.com\/wp-content\/uploads\/2024\/01\/ViraDrotbohm2024-3.jpg\" class=\"attachment-large size-large wp-image-14182\" alt=\"\" srcset=\"https:\/\/fincaelmorisco.com\/wp-content\/uploads\/2024\/01\/ViraDrotbohm2024-3.jpg 1412w, https:\/\/fincaelmorisco.com\/wp-content\/uploads\/2024\/01\/ViraDrotbohm2024-3-768x953.jpg 768w, https:\/\/fincaelmorisco.com\/wp-content\/uploads\/2024\/01\/ViraDrotbohm2024-3-1238x1536.jpg 1238w\" sizes=\"(max-width: 1412px) 100vw, 1412px\" \/>\t\t\t\t\t\t\t\t\t\t\t\t\t\t\t<\/div>\n\t\t\t\t<div class=\"elementor-element elementor-element-d454ca0 elementor-widget elementor-widget-image\" data-id=\"d454ca0\" data-element_type=\"widget\" data-e-type=\"widget\" data-widget_type=\"image.default\">\n\t\t\t\t\t\t\t\t\t\t\t\t\t\t\t<img loading=\"lazy\" decoding=\"async\" width=\"1920\" height=\"2560\" src=\"https:\/\/fincaelmorisco.com\/wp-content\/uploads\/2024\/01\/ViraDrotbohm2024-2-scaled.jpg\" class=\"attachment-large size-large wp-image-14180\" alt=\"\" srcset=\"https:\/\/fincaelmorisco.com\/wp-content\/uploads\/2024\/01\/ViraDrotbohm2024-2-scaled.jpg 1920w, https:\/\/fincaelmorisco.com\/wp-content\/uploads\/2024\/01\/ViraDrotbohm2024-2-768x1024.jpg 768w, https:\/\/fincaelmorisco.com\/wp-content\/uploads\/2024\/01\/ViraDrotbohm2024-2-1152x1536.jpg 1152w, https:\/\/fincaelmorisco.com\/wp-content\/uploads\/2024\/01\/ViraDrotbohm2024-2-1536x2048.jpg 1536w\" sizes=\"(max-width: 1920px) 100vw, 1920px\" \/>\t\t\t\t\t\t\t\t\t\t\t\t\t\t\t<\/div>\n\t\t\t\t\t<\/div>\n\t\t\t\t<\/div>\n\t\t<div class=\"elementor-element elementor-element-0367900 e-flex e-con-boxed e-con e-parent\" data-id=\"0367900\" data-element_type=\"container\" data-e-type=\"container\">\n\t\t\t\t\t<div class=\"e-con-inner\">\n\t\t\t\t<div class=\"elementor-element elementor-element-fc047e0 elementor-widget elementor-widget-text-editor\" data-id=\"fc047e0\" data-element_type=\"widget\" data-e-type=\"widget\" data-widget_type=\"text-editor.default\">\n\t\t\t\t\t\t\t\t\t<p><b>Was biete ich<\/b><\/p><ul><li style=\"list-style-type: none;\"><ul><li style=\"list-style-type: none;\"><ul><li>Vor dem Fr\u00fchst\u00fcck &amp; vor dem Abendessen t\u00e4glich 2 Stunden \u00e4u\u00dfere Praxis und Selbsterforschung. Wer bist du auf der Matte? Wer bist du in Stille? Morgens \u00fcben wir aktives Yoga. Nachmittags eher Yinyoga, Qi Gong &amp; Meditation<\/li><\/ul><\/li><\/ul><\/li><\/ul><ul><li style=\"list-style-type: none;\"><ul><li style=\"list-style-type: none;\"><ul><li style=\"list-style-type: none;\"><ul><li>Einen achtsamen Raum f\u00fcr dich und die Themen, die dich gerade begleiten und die Aufmerksamkeit brauchen. Wir werden miteinander in die gef\u00fchrte Selbsterforschung gehen und schauen, wer wie sind.<\/li><li>Nach Wunsch der Gruppe: Nach dem Abendessen Treffen f\u00fcr Austausch oder Meditation oder f\u00fcr einen Vortrag von mir zu verschiedenen Themen wie Ayurveda, TCM, Achtsamkeit, Selbstregulation, Yogaphilosophie.<\/li><li>Massagebehandlungen in den Pausen<\/li><li>Meine Passion f\u00fcr eine Arbeit mit Menschen, die sich seit \u00fcber 20 Jahren weiterentwickelt hat. Mein Herz f\u00fcr die Verbindung unter Menschen. Meine Freude, dich kennenzulernen und durch achtsame K\u00f6rperarbeit zu unterst\u00fctzen.<\/li><\/ul><\/li><\/ul><\/li><\/ul><\/li><\/ul><p>Kosten f\u00fcr Yoga : Gelassenheit. Kraft und innere Ausrichtung: <strong>500 Euro inklusive MwSt.<\/strong><\/p>\t\t\t\t\t\t\t\t<\/div>\n\t\t\t\t\t<\/div>\n\t\t\t\t<\/div>\n\t\t<div class=\"elementor-element elementor-element-40a6f41 e-flex e-con-boxed e-con e-parent\" data-id=\"40a6f41\" data-element_type=\"container\" data-e-type=\"container\">\n\t\t\t\t\t<div class=\"e-con-inner\">\n\t\t\t\t<div class=\"elementor-element elementor-element-7381641 elementor-widget elementor-widget-text-editor\" data-id=\"7381641\" data-element_type=\"widget\" data-e-type=\"widget\" data-widget_type=\"text-editor.default\">\n\t\t\t\t\t\t\t\t\t<p><a href=\"https:\/\/vira.yoga\/en\/event\/yoga-mindful-movement-austausch-stille-retreat-in-andalusien-am-meer\/\">Anmeldung \u00fcber die Webseite www.vira.yoga<\/a><\/p>\t\t\t\t\t\t\t\t<\/div>\n\t\t\t\t\t<\/div>\n\t\t\t\t<\/div>\n\t\t<div class=\"elementor-element elementor-element-660343d e-flex e-con-boxed e-con e-parent\" data-id=\"660343d\" data-element_type=\"container\" data-e-type=\"container\">\n\t\t\t\t\t<div class=\"e-con-inner\">\n\t\t<div class=\"elementor-element elementor-element-3c1113e e-con-full e-flex e-con e-child\" data-id=\"3c1113e\" data-element_type=\"container\" data-e-type=\"container\">\n\t\t\t\t<div class=\"elementor-element elementor-element-d285801 elementor-widget elementor-widget-image\" data-id=\"d285801\" data-element_type=\"widget\" data-e-type=\"widget\" data-widget_type=\"image.default\">\n\t\t\t\t\t\t\t\t\t\t\t\t\t\t\t<img loading=\"lazy\" decoding=\"async\" width=\"683\" height=\"1024\" src=\"https:\/\/fincaelmorisco.com\/wp-content\/uploads\/2024\/01\/ViraDrotbohm20245.jpg\" class=\"attachment-large size-large wp-image-14176\" alt=\"\" \/>\t\t\t\t\t\t\t\t\t\t\t\t\t\t\t<\/div>\n\t\t\t\t<\/div>\n\t\t<div class=\"elementor-element elementor-element-e20d7b7 e-con-full e-flex e-con e-child\" data-id=\"e20d7b7\" data-element_type=\"container\" data-e-type=\"container\">\n\t\t\t\t<div class=\"elementor-element elementor-element-7d79cee elementor-widget elementor-widget-text-editor\" data-id=\"7d79cee\" data-element_type=\"widget\" data-e-type=\"widget\" data-widget_type=\"text-editor.default\">\n\t\t\t\t\t\t\t\t\t<p><span style=\"font-size: 18pt;\"><b>Vira Drotbohm, seit 2004<\/b><\/span><\/p><p>Passionierte Massagetherapeutin, K\u00f6rpetherapeutin, Yoga,<\/p><p>Mindful Movement, Achtsamkeit ( Tara Brach \/ Jack Kornfield)<\/p><p>Trainerin f\u00fcr YinYoga (45 Std Ausbildung), Vinyasa Yoga (200\/300Std) mit den Themen Meditation, Ayurveda, Pr\u00e4senz, Ausbilderin in Living Touch Massage.<\/p><p>Seit 2015 j\u00e4hrlich und mit Vergn\u00fcgen auf der Casa El Morisco.<\/p>\t\t\t\t\t\t\t\t<\/div>\n\t\t\t\t<\/div>\n\t\t\t\t\t<\/div>\n\t\t\t\t<\/div>\n\t\t\t\t<\/div>\n\t\t","protected":false},"excerpt":{"rendered":"<p>Gelassenheit. Kraft und innere Ausrichtung 21.4. bis 28.4.2024 Diese Yogawoche auf der Finca El Morisco, wird dich unterst\u00fctzen zu entschleunigen als auch eine kraftvolle Neuausrichtung f\u00fcr dich zu definieren. Das Leben ist kurz \u2013 machen wir t\u00e4glich etwas wertvolles daraus. <a class=\"more-link\" href=\"https:\/\/fincaelmorisco.com\/?p=14173\">weiterlesen&#8230;<\/a><\/p>\n","protected":false},"author":1,"featured_media":14186,"comment_status":"closed","ping_status":"closed","sticky":false,"template":"","format":"standard","meta":{"_exactmetrics_skip_tracking":false,"_exactmetrics_sitenote_active":false,"_exactmetrics_sitenote_note":"","_exactmetrics_sitenote_category":0,"footnotes":""},"categories":[15],"tags":[],"class_list":["post-14173","post","type-post","status-publish","format-standard","has-post-thumbnail","hentry","category-programm"],"yoast_head":"<!-- This site is optimized with the Yoast SEO plugin v27.5 - https:\/\/yoast.com\/product\/yoast-seo-wordpress\/ -->\n<title>Gelassenheit. Kraft und innere Ausrichtung - Finca el Morisco<\/title>\n<meta name=\"robots\" content=\"index, follow, max-snippet:-1, max-image-preview:large, max-video-preview:-1\" \/>\n<link rel=\"canonical\" href=\"https:\/\/fincaelmorisco.com\/?p=14173\" \/>\n<meta property=\"og:locale\" content=\"de_DE\" \/>\n<meta property=\"og:type\" content=\"article\" \/>\n<meta property=\"og:title\" content=\"Gelassenheit. Kraft und innere Ausrichtung - Finca el Morisco\" \/>\n<meta property=\"og:description\" content=\"Gelassenheit. Kraft und innere Ausrichtung 21.4. bis 28.4.2024 Diese Yogawoche auf der Finca El Morisco, wird dich unterst\u00fctzen zu entschleunigen als auch eine kraftvolle Neuausrichtung f\u00fcr dich zu definieren. Das Leben ist kurz \u2013 machen wir t\u00e4glich etwas wertvolles daraus. weiterlesen...\" \/>\n<meta property=\"og:url\" content=\"https:\/\/fincaelmorisco.com\/?p=14173\" \/>\n<meta property=\"og:site_name\" content=\"Finca el Morisco\" \/>\n<meta property=\"article:published_time\" content=\"2024-01-07T17:26:19+00:00\" \/>\n<meta property=\"article:modified_time\" content=\"2024-01-07T17:39:27+00:00\" \/>\n<meta property=\"og:image\" content=\"https:\/\/fincaelmorisco.com\/wp-content\/uploads\/2024\/01\/ViraDrotbohm20243.png\" \/>\n\t<meta property=\"og:image:width\" content=\"1897\" \/>\n\t<meta property=\"og:image:height\" content=\"693\" \/>\n\t<meta property=\"og:image:type\" content=\"image\/png\" \/>\n<meta name=\"author\" content=\"Finca El Morisco\" \/>\n<meta name=\"twitter:card\" content=\"summary_large_image\" \/>\n<meta name=\"twitter:label1\" content=\"Verfasst von\" \/>\n\t<meta name=\"twitter:data1\" content=\"\" \/>\n<script type=\"application\/ld+json\" class=\"yoast-schema-graph\">{\"@context\":\"https:\\\/\\\/schema.org\",\"@graph\":[{\"@type\":\"Article\",\"@id\":\"https:\\\/\\\/fincaelmorisco.com\\\/?p=14173#article\",\"isPartOf\":{\"@id\":\"https:\\\/\\\/fincaelmorisco.com\\\/?p=14173\"},\"author\":{\"name\":\"Finca El Morisco\",\"@id\":\"https:\\\/\\\/fincaelmorisco.com\\\/#\\\/schema\\\/person\\\/514dfb93478c8e8ea012c3c2779bc906\"},\"headline\":\"Gelassenheit. Kraft und innere Ausrichtung\",\"datePublished\":\"2024-01-07T17:26:19+00:00\",\"dateModified\":\"2024-01-07T17:39:27+00:00\",\"mainEntityOfPage\":{\"@id\":\"https:\\\/\\\/fincaelmorisco.com\\\/?p=14173\"},\"wordCount\":371,\"publisher\":{\"@id\":\"https:\\\/\\\/fincaelmorisco.com\\\/#organization\"},\"image\":{\"@id\":\"https:\\\/\\\/fincaelmorisco.com\\\/?p=14173#primaryimage\"},\"thumbnailUrl\":\"https:\\\/\\\/fincaelmorisco.com\\\/wp-content\\\/uploads\\\/2024\\\/01\\\/ViraDrotbohm20243.png\",\"articleSection\":[\"Programm\"],\"inLanguage\":\"de\"},{\"@type\":\"WebPage\",\"@id\":\"https:\\\/\\\/fincaelmorisco.com\\\/?p=14173\",\"url\":\"https:\\\/\\\/fincaelmorisco.com\\\/?p=14173\",\"name\":\"Gelassenheit. Kraft und innere Ausrichtung - Finca el Morisco\",\"isPartOf\":{\"@id\":\"https:\\\/\\\/fincaelmorisco.com\\\/#website\"},\"primaryImageOfPage\":{\"@id\":\"https:\\\/\\\/fincaelmorisco.com\\\/?p=14173#primaryimage\"},\"image\":{\"@id\":\"https:\\\/\\\/fincaelmorisco.com\\\/?p=14173#primaryimage\"},\"thumbnailUrl\":\"https:\\\/\\\/fincaelmorisco.com\\\/wp-content\\\/uploads\\\/2024\\\/01\\\/ViraDrotbohm20243.png\",\"datePublished\":\"2024-01-07T17:26:19+00:00\",\"dateModified\":\"2024-01-07T17:39:27+00:00\",\"breadcrumb\":{\"@id\":\"https:\\\/\\\/fincaelmorisco.com\\\/?p=14173#breadcrumb\"},\"inLanguage\":\"de\",\"potentialAction\":[{\"@type\":\"ReadAction\",\"target\":[\"https:\\\/\\\/fincaelmorisco.com\\\/?p=14173\"]}]},{\"@type\":\"ImageObject\",\"inLanguage\":\"de\",\"@id\":\"https:\\\/\\\/fincaelmorisco.com\\\/?p=14173#primaryimage\",\"url\":\"https:\\\/\\\/fincaelmorisco.com\\\/wp-content\\\/uploads\\\/2024\\\/01\\\/ViraDrotbohm20243.png\",\"contentUrl\":\"https:\\\/\\\/fincaelmorisco.com\\\/wp-content\\\/uploads\\\/2024\\\/01\\\/ViraDrotbohm20243.png\",\"width\":1897,\"height\":693},{\"@type\":\"BreadcrumbList\",\"@id\":\"https:\\\/\\\/fincaelmorisco.com\\\/?p=14173#breadcrumb\",\"itemListElement\":[{\"@type\":\"ListItem\",\"position\":1,\"name\":\"Home\",\"item\":\"https:\\\/\\\/fincaelmorisco.com\\\/\"},{\"@type\":\"ListItem\",\"position\":2,\"name\":\"Gelassenheit. Kraft und innere Ausrichtung\"}]},{\"@type\":\"WebSite\",\"@id\":\"https:\\\/\\\/fincaelmorisco.com\\\/#website\",\"url\":\"https:\\\/\\\/fincaelmorisco.com\\\/\",\"name\":\"Finca el Morisco\",\"description\":\"Yogaurlaub in Andalusien Finca El Morisco\",\"publisher\":{\"@id\":\"https:\\\/\\\/fincaelmorisco.com\\\/#organization\"},\"potentialAction\":[{\"@type\":\"SearchAction\",\"target\":{\"@type\":\"EntryPoint\",\"urlTemplate\":\"https:\\\/\\\/fincaelmorisco.com\\\/?s={search_term_string}\"},\"query-input\":{\"@type\":\"PropertyValueSpecification\",\"valueRequired\":true,\"valueName\":\"search_term_string\"}}],\"inLanguage\":\"de\"},{\"@type\":\"Organization\",\"@id\":\"https:\\\/\\\/fincaelmorisco.com\\\/#organization\",\"name\":\"Finca El Morisco\",\"url\":\"https:\\\/\\\/fincaelmorisco.com\\\/\",\"logo\":{\"@type\":\"ImageObject\",\"inLanguage\":\"de\",\"@id\":\"https:\\\/\\\/fincaelmorisco.com\\\/#\\\/schema\\\/logo\\\/image\\\/\",\"url\":\"https:\\\/\\\/fincaelmorisco.com\\\/wp-content\\\/uploads\\\/2022\\\/02\\\/Finca-El-Morisco-Logo.png\",\"contentUrl\":\"https:\\\/\\\/fincaelmorisco.com\\\/wp-content\\\/uploads\\\/2022\\\/02\\\/Finca-El-Morisco-Logo.png\",\"width\":521,\"height\":123,\"caption\":\"Finca El Morisco\"},\"image\":{\"@id\":\"https:\\\/\\\/fincaelmorisco.com\\\/#\\\/schema\\\/logo\\\/image\\\/\"}},{\"@type\":\"Person\",\"@id\":\"https:\\\/\\\/fincaelmorisco.com\\\/#\\\/schema\\\/person\\\/514dfb93478c8e8ea012c3c2779bc906\",\"name\":\"Finca El Morisco\",\"image\":{\"@type\":\"ImageObject\",\"inLanguage\":\"de\",\"@id\":\"https:\\\/\\\/secure.gravatar.com\\\/avatar\\\/4eef53a659eacb6d411309b59a0f8b82cbd5132928fc43e54e365596467f3734?s=96&d=mm&r=g\",\"url\":\"https:\\\/\\\/secure.gravatar.com\\\/avatar\\\/4eef53a659eacb6d411309b59a0f8b82cbd5132928fc43e54e365596467f3734?s=96&d=mm&r=g\",\"contentUrl\":\"https:\\\/\\\/secure.gravatar.com\\\/avatar\\\/4eef53a659eacb6d411309b59a0f8b82cbd5132928fc43e54e365596467f3734?s=96&d=mm&r=g\",\"caption\":\"Finca El Morisco\"},\"sameAs\":[\"https:\\\/\\\/fincaelmorisco.com\"],\"url\":\"https:\\\/\\\/fincaelmorisco.com\\\/?author=1\"}]}<\/script>\n<!-- \/ Yoast SEO plugin. -->","yoast_head_json":{"title":"Gelassenheit. Kraft und innere Ausrichtung - Finca el Morisco","robots":{"index":"index","follow":"follow","max-snippet":"max-snippet:-1","max-image-preview":"max-image-preview:large","max-video-preview":"max-video-preview:-1"},"canonical":"https:\/\/fincaelmorisco.com\/?p=14173","og_locale":"de_DE","og_type":"article","og_title":"Gelassenheit. Kraft und innere Ausrichtung - Finca el Morisco","og_description":"Gelassenheit. Kraft und innere Ausrichtung 21.4. bis 28.4.2024 Diese Yogawoche auf der Finca El Morisco, wird dich unterst\u00fctzen zu entschleunigen als auch eine kraftvolle Neuausrichtung f\u00fcr dich zu definieren. Das Leben ist kurz \u2013 machen wir t\u00e4glich etwas wertvolles daraus. weiterlesen...","og_url":"https:\/\/fincaelmorisco.com\/?p=14173","og_site_name":"Finca el Morisco","article_published_time":"2024-01-07T17:26:19+00:00","article_modified_time":"2024-01-07T17:39:27+00:00","og_image":[{"width":1897,"height":693,"url":"https:\/\/fincaelmorisco.com\/wp-content\/uploads\/2024\/01\/ViraDrotbohm20243.png","type":"image\/png"}],"author":"Finca El Morisco","twitter_card":"summary_large_image","twitter_misc":{"Verfasst von":false},"schema":{"@context":"https:\/\/schema.org","@graph":[{"@type":"Article","@id":"https:\/\/fincaelmorisco.com\/?p=14173#article","isPartOf":{"@id":"https:\/\/fincaelmorisco.com\/?p=14173"},"author":{"name":"Finca El Morisco","@id":"https:\/\/fincaelmorisco.com\/#\/schema\/person\/514dfb93478c8e8ea012c3c2779bc906"},"headline":"Gelassenheit. Kraft und innere Ausrichtung","datePublished":"2024-01-07T17:26:19+00:00","dateModified":"2024-01-07T17:39:27+00:00","mainEntityOfPage":{"@id":"https:\/\/fincaelmorisco.com\/?p=14173"},"wordCount":371,"publisher":{"@id":"https:\/\/fincaelmorisco.com\/#organization"},"image":{"@id":"https:\/\/fincaelmorisco.com\/?p=14173#primaryimage"},"thumbnailUrl":"https:\/\/fincaelmorisco.com\/wp-content\/uploads\/2024\/01\/ViraDrotbohm20243.png","articleSection":["Programm"],"inLanguage":"de"},{"@type":"WebPage","@id":"https:\/\/fincaelmorisco.com\/?p=14173","url":"https:\/\/fincaelmorisco.com\/?p=14173","name":"Gelassenheit. Kraft und innere Ausrichtung - Finca el Morisco","isPartOf":{"@id":"https:\/\/fincaelmorisco.com\/#website"},"primaryImageOfPage":{"@id":"https:\/\/fincaelmorisco.com\/?p=14173#primaryimage"},"image":{"@id":"https:\/\/fincaelmorisco.com\/?p=14173#primaryimage"},"thumbnailUrl":"https:\/\/fincaelmorisco.com\/wp-content\/uploads\/2024\/01\/ViraDrotbohm20243.png","datePublished":"2024-01-07T17:26:19+00:00","dateModified":"2024-01-07T17:39:27+00:00","breadcrumb":{"@id":"https:\/\/fincaelmorisco.com\/?p=14173#breadcrumb"},"inLanguage":"de","potentialAction":[{"@type":"ReadAction","target":["https:\/\/fincaelmorisco.com\/?p=14173"]}]},{"@type":"ImageObject","inLanguage":"de","@id":"https:\/\/fincaelmorisco.com\/?p=14173#primaryimage","url":"https:\/\/fincaelmorisco.com\/wp-content\/uploads\/2024\/01\/ViraDrotbohm20243.png","contentUrl":"https:\/\/fincaelmorisco.com\/wp-content\/uploads\/2024\/01\/ViraDrotbohm20243.png","width":1897,"height":693},{"@type":"BreadcrumbList","@id":"https:\/\/fincaelmorisco.com\/?p=14173#breadcrumb","itemListElement":[{"@type":"ListItem","position":1,"name":"Home","item":"https:\/\/fincaelmorisco.com\/"},{"@type":"ListItem","position":2,"name":"Gelassenheit. Kraft und innere Ausrichtung"}]},{"@type":"WebSite","@id":"https:\/\/fincaelmorisco.com\/#website","url":"https:\/\/fincaelmorisco.com\/","name":"Finca el Morisco","description":"Yogaurlaub in Andalusien Finca El Morisco","publisher":{"@id":"https:\/\/fincaelmorisco.com\/#organization"},"potentialAction":[{"@type":"SearchAction","target":{"@type":"EntryPoint","urlTemplate":"https:\/\/fincaelmorisco.com\/?s={search_term_string}"},"query-input":{"@type":"PropertyValueSpecification","valueRequired":true,"valueName":"search_term_string"}}],"inLanguage":"de"},{"@type":"Organization","@id":"https:\/\/fincaelmorisco.com\/#organization","name":"Finca El Morisco","url":"https:\/\/fincaelmorisco.com\/","logo":{"@type":"ImageObject","inLanguage":"de","@id":"https:\/\/fincaelmorisco.com\/#\/schema\/logo\/image\/","url":"https:\/\/fincaelmorisco.com\/wp-content\/uploads\/2022\/02\/Finca-El-Morisco-Logo.png","contentUrl":"https:\/\/fincaelmorisco.com\/wp-content\/uploads\/2022\/02\/Finca-El-Morisco-Logo.png","width":521,"height":123,"caption":"Finca El Morisco"},"image":{"@id":"https:\/\/fincaelmorisco.com\/#\/schema\/logo\/image\/"}},{"@type":"Person","@id":"https:\/\/fincaelmorisco.com\/#\/schema\/person\/514dfb93478c8e8ea012c3c2779bc906","name":"Finca El Morisco","image":{"@type":"ImageObject","inLanguage":"de","@id":"https:\/\/secure.gravatar.com\/avatar\/4eef53a659eacb6d411309b59a0f8b82cbd5132928fc43e54e365596467f3734?s=96&d=mm&r=g","url":"https:\/\/secure.gravatar.com\/avatar\/4eef53a659eacb6d411309b59a0f8b82cbd5132928fc43e54e365596467f3734?s=96&d=mm&r=g","contentUrl":"https:\/\/secure.gravatar.com\/avatar\/4eef53a659eacb6d411309b59a0f8b82cbd5132928fc43e54e365596467f3734?s=96&d=mm&r=g","caption":"Finca El Morisco"},"sameAs":["https:\/\/fincaelmorisco.com"],"url":"https:\/\/fincaelmorisco.com\/?author=1"}]}},"_links":{"self":[{"href":"https:\/\/fincaelmorisco.com\/index.php?rest_route=\/wp\/v2\/posts\/14173","targetHints":{"allow":["GET"]}}],"collection":[{"href":"https:\/\/fincaelmorisco.com\/index.php?rest_route=\/wp\/v2\/posts"}],"about":[{"href":"https:\/\/fincaelmorisco.com\/index.php?rest_route=\/wp\/v2\/types\/post"}],"author":[{"embeddable":true,"href":"https:\/\/fincaelmorisco.com\/index.php?rest_route=\/wp\/v2\/users\/1"}],"replies":[{"embeddable":true,"href":"https:\/\/fincaelmorisco.com\/index.php?rest_route=%2Fwp%2Fv2%2Fcomments&post=14173"}],"version-history":[{"count":7,"href":"https:\/\/fincaelmorisco.com\/index.php?rest_route=\/wp\/v2\/posts\/14173\/revisions"}],"predecessor-version":[{"id":14193,"href":"https:\/\/fincaelmorisco.com\/index.php?rest_route=\/wp\/v2\/posts\/14173\/revisions\/14193"}],"wp:featuredmedia":[{"embeddable":true,"href":"https:\/\/fincaelmorisco.com\/index.php?rest_route=\/wp\/v2\/media\/14186"}],"wp:attachment":[{"href":"https:\/\/fincaelmorisco.com\/index.php?rest_route=%2Fwp%2Fv2%2Fmedia&parent=14173"}],"wp:term":[{"taxonomy":"category","embeddable":true,"href":"https:\/\/fincaelmorisco.com\/index.php?rest_route=%2Fwp%2Fv2%2Fcategories&post=14173"},{"taxonomy":"post_tag","embeddable":true,"href":"https:\/\/fincaelmorisco.com\/index.php?rest_route=%2Fwp%2Fv2%2Ftags&post=14173"}],"curies":[{"name":"wp","href":"https:\/\/api.w.org\/{rel}","templated":true}]}}