{"id":14014,"date":"2023-10-29T20:36:44","date_gmt":"2023-10-29T19:36:44","guid":{"rendered":"https:\/\/fincaelmorisco.com\/?p=14014"},"modified":"2023-10-29T20:49:31","modified_gmt":"2023-10-29T19:49:31","slug":"upgrade-now-on-top-kundalini-ausbildung","status":"publish","type":"post","link":"https:\/\/fincaelmorisco.com\/?p=14014","title":{"rendered":"Upgrade Now ON TOP Kundalini Ausbildung"},"content":{"rendered":"\t\t<div data-elementor-type=\"wp-post\" data-elementor-id=\"14014\" class=\"elementor elementor-14014\">\n\t\t\t\t<div class=\"elementor-element elementor-element-848eb28 e-flex e-con-boxed e-con e-parent\" data-id=\"848eb28\" data-element_type=\"container\" data-e-type=\"container\">\n\t\t\t\t\t<div class=\"e-con-inner\">\n\t\t\t\t<div class=\"elementor-element elementor-element-8c1b095 elementor-widget elementor-widget-heading\" data-id=\"8c1b095\" data-element_type=\"widget\" data-e-type=\"widget\" data-widget_type=\"heading.default\">\n\t\t\t\t\t<h2 class=\"elementor-heading-title elementor-size-default\">Upgrade Now ON TOP Kundalini Ausbildung f\u00fcr Yoga Teacher Yogalehrer Fortbildung in Andalusien Finca el Morisco - Entdecke deine innere Kraft!<\/h2>\t\t\t\t<\/div>\n\t\t\t\t\t<\/div>\n\t\t\t\t<\/div>\n\t\t<div class=\"elementor-element elementor-element-f89ebcf e-flex e-con-boxed e-con e-parent\" data-id=\"f89ebcf\" data-element_type=\"container\" data-e-type=\"container\">\n\t\t\t\t\t<div class=\"e-con-inner\">\n\t\t\t\t<div class=\"elementor-element elementor-element-4a55a74 elementor-invisible elementor-widget elementor-widget-text-editor\" data-id=\"4a55a74\" data-element_type=\"widget\" data-e-type=\"widget\" data-settings=\"{&quot;_animation&quot;:&quot;fadeInUp&quot;}\" data-widget_type=\"text-editor.default\">\n\t\t\t\t\t\t\t\t\t<p><span lang=\"DE\">6 Tage \/ 52 Stunden &#8211; Kurs und Meditation im Urlaub <br \/>Sonntag, 3. M\u00e4rz &#8211; Sonntag, 10. M\u00e4rz 2024<br \/>Preis ab 1.350,00 EUR all inclusive*<\/span><\/p>\t\t\t\t\t\t\t\t<\/div>\n\t\t\t\t<div class=\"elementor-element elementor-element-2894a1d elementor-invisible elementor-widget elementor-widget-text-editor\" data-id=\"2894a1d\" data-element_type=\"widget\" data-e-type=\"widget\" data-settings=\"{&quot;_animation&quot;:&quot;fadeInUp&quot;}\" data-widget_type=\"text-editor.default\">\n\t\t\t\t\t\t\t\t\t<p>Diese Yogalehrer Fortbildung setzt h\u00f6chste Anspr\u00fcche auf Qualit\u00e4t der Inhalte und die Vermittlung von Kundalini Yoga. Du m\u00f6chtest deine Leidenschaft f\u00fcr Yoga vertiefen und anderen Menschen dabei helfen, ihre innere Kraft zu entfalten? Diese Ausbildung richtet sich an Yogalehrer*innen, die Kundalini Yoga unterrichten oder ihr Wissen dar\u00fcber vertiefen m\u00f6chten.<\/p>\t\t\t\t\t\t\t\t<\/div>\n\t\t\t\t<div class=\"elementor-element elementor-element-cba35ab elementor-invisible elementor-widget elementor-widget-text-editor\" data-id=\"cba35ab\" data-element_type=\"widget\" data-e-type=\"widget\" data-settings=\"{&quot;_animation&quot;:&quot;fadeInUp&quot;}\" data-widget_type=\"text-editor.default\">\n\t\t\t\t\t\t\t\t\t<p>Unsere Retreat-Highlights<\/p><p>7 \u00dcbernachtungen<br \/><span style=\"font-size: 18px; text-align: var(--text-align);\">Alle Mahlzeiten inklusive, vegetarisch\/vegan<br \/><\/span><span style=\"font-size: 18px; text-align: var(--text-align);\">Inkl. Flughafentransfer vor Ort<br \/><\/span><span style=\"font-size: 18px; text-align: var(--text-align);\">1 Meditations-Session pro Tag<br \/><\/span><span style=\"font-size: 18px; text-align: var(--text-align);\">2 Seminareinheiten pro Tag<\/span><\/p><p>7 ha gro\u00dfe Biofinca mit gro\u00dfem Angebot an Aktivit\u00e4ten (Swimmingpool, Sauna, Liegewiesen, Trampolin, Federballnetz, H\u00e4ngematten u. v. m.)<\/p>\t\t\t\t\t\t\t\t<\/div>\n\t\t\t\t<div class=\"elementor-element elementor-element-a080ae8 elementor-invisible elementor-widget elementor-widget-text-editor\" data-id=\"a080ae8\" data-element_type=\"widget\" data-e-type=\"widget\" data-settings=\"{&quot;_animation&quot;:&quot;fadeInUp&quot;}\" data-widget_type=\"text-editor.default\">\n\t\t\t\t\t\t\t\t\t<p>Level<br \/>Voraussetzung ist eine Basis Yogalehrer Ausbildung.<\/p>\t\t\t\t\t\t\t\t<\/div>\n\t\t\t\t\t<\/div>\n\t\t\t\t<\/div>\n\t\t<div class=\"elementor-element elementor-element-43dc86e e-flex e-con-boxed e-con e-parent\" data-id=\"43dc86e\" data-element_type=\"container\" data-e-type=\"container\">\n\t\t\t\t\t<div class=\"e-con-inner\">\n\t\t\t\t<div class=\"elementor-element elementor-element-03b69e3 elementor-widget elementor-widget-text-editor\" data-id=\"03b69e3\" data-element_type=\"widget\" data-e-type=\"widget\" data-widget_type=\"text-editor.default\">\n\t\t\t\t\t\t\t\t\t<h4><strong>TrainerInnen und Mentees\u200b<\/strong><\/h4>\t\t\t\t\t\t\t\t<\/div>\n\t\t\t\t\t<\/div>\n\t\t\t\t<\/div>\n\t\t<div class=\"elementor-element elementor-element-10f99e4 e-flex e-con-boxed e-con e-parent\" data-id=\"10f99e4\" data-element_type=\"container\" data-e-type=\"container\">\n\t\t\t\t\t<div class=\"e-con-inner\">\n\t\t<div class=\"elementor-element elementor-element-a6181bf e-con-full e-flex e-con e-child\" data-id=\"a6181bf\" data-element_type=\"container\" data-e-type=\"container\">\n\t\t\t\t<div class=\"elementor-element elementor-element-a37e57f elementor-invisible elementor-widget elementor-widget-image\" data-id=\"a37e57f\" data-element_type=\"widget\" data-e-type=\"widget\" data-settings=\"{&quot;_animation&quot;:&quot;bounceInDown&quot;}\" data-widget_type=\"image.default\">\n\t\t\t\t\t\t\t\t\t\t\t\t\t\t\t<img fetchpriority=\"high\" decoding=\"async\" width=\"761\" height=\"761\" src=\"https:\/\/fincaelmorisco.com\/wp-content\/uploads\/2023\/10\/Dharma-Singh.jpg\" class=\"attachment-large size-large wp-image-14018\" alt=\"\" srcset=\"https:\/\/fincaelmorisco.com\/wp-content\/uploads\/2023\/10\/Dharma-Singh.jpg 761w, https:\/\/fincaelmorisco.com\/wp-content\/uploads\/2023\/10\/Dharma-Singh-150x150.jpg 150w\" sizes=\"(max-width: 761px) 100vw, 761px\" \/>\t\t\t\t\t\t\t\t\t\t\t\t\t\t\t<\/div>\n\t\t\t\t<\/div>\n\t\t<div class=\"elementor-element elementor-element-e560baa e-con-full e-flex e-con e-child\" data-id=\"e560baa\" data-element_type=\"container\" data-e-type=\"container\">\n\t\t\t\t<div class=\"elementor-element elementor-element-e700be9 elementor-invisible elementor-widget elementor-widget-text-editor\" data-id=\"e700be9\" data-element_type=\"widget\" data-e-type=\"widget\" data-settings=\"{&quot;_animation&quot;:&quot;bounceInUp&quot;}\" data-widget_type=\"text-editor.default\">\n\t\t\t\t\t\t\t\t\t<p><b>Dharma Singh<br \/><\/b>Co-Founder, Lead Trainer<br \/>Beratung und Begleitung von Menschen in Krisen, Trauer und Abschied.<\/p><p>Dipl. Religionsp\u00e4dagoge<br \/><span style=\"font-size: 18px; text-align: var(--text-align);\">Dipl. P\u00e4dagoge Schwerpunkt Gesundheits- und Sozialp\u00e4dagogik<br \/><\/span><span style=\"font-size: 18px; text-align: var(--text-align);\">Hospitzmultiplikato (IDSL)<br \/><\/span><span style=\"font-size: 18px; text-align: var(--text-align);\">Bestatter und Mitbegr\u00fcnder von Horizonte Bestattungen in Freiburg<br \/><\/span><span style=\"font-size: 18px; text-align: var(--text-align);\">Trauerredner<br \/><\/span><span style=\"font-size: 18px; text-align: var(--text-align);\">Heilerausbildung (IHRN)<br \/><\/span><span style=\"font-size: 18px; text-align: var(--text-align);\">Kundalini Leadtrainer und Ausbilder Stufe 1 und 2<br \/><\/span><span style=\"font-size: 18px; text-align: var(--text-align);\">Mentoring Lead KRI + Yoga Alliance<br \/><\/span><span style=\"font-size: 18px; text-align: var(--text-align);\">Hatha Yoga Vertiefung<br \/><\/span><span style=\"font-size: 18px; text-align: var(--text-align);\">Gr\u00fcnder des Dharmatrainings<\/span><\/p>\t\t\t\t\t\t\t\t<\/div>\n\t\t\t\t<\/div>\n\t\t\t\t\t<\/div>\n\t\t\t\t<\/div>\n\t\t<div class=\"elementor-element elementor-element-41f51d0 e-flex e-con-boxed e-con e-parent\" data-id=\"41f51d0\" data-element_type=\"container\" data-e-type=\"container\">\n\t\t\t\t\t<div class=\"e-con-inner\">\n\t\t<div class=\"elementor-element elementor-element-24f2af2 e-con-full e-flex e-con e-child\" data-id=\"24f2af2\" data-element_type=\"container\" data-e-type=\"container\">\n\t\t\t\t<div class=\"elementor-element elementor-element-eea26c7 elementor-invisible elementor-widget elementor-widget-text-editor\" data-id=\"eea26c7\" data-element_type=\"widget\" data-e-type=\"widget\" data-settings=\"{&quot;_animation&quot;:&quot;bounceInDown&quot;}\" data-widget_type=\"text-editor.default\">\n\t\t\t\t\t\t\t\t\t<p><b>Karta Purkh Kaur<br \/><\/b>Co-Founder, Lead Trainerin<br \/>Sie hat drei eigene Kinder zur Welt gebracht und lebt in einer Patchworkfamilie.Seit \u00fcber 30 Jahren kennt sie die Freuden und Stolpersteine auf diesem Weg aus eigener und professioneller Erfahrung. Sie freut sich diese ersten Schritte mit dir zu gehen zu d\u00fcrfen. Geburtsvorbereiterin, Physiotherapeutin, Ausbilderin f\u00fcr YogalehrerInnen und Dipl.Heilp\u00e4dagogin<\/p>\t\t\t\t\t\t\t\t<\/div>\n\t\t\t\t<\/div>\n\t\t<div class=\"elementor-element elementor-element-186490f e-con-full e-flex e-con e-child\" data-id=\"186490f\" data-element_type=\"container\" data-e-type=\"container\">\n\t\t\t\t<div class=\"elementor-element elementor-element-6829e45 elementor-invisible elementor-widget elementor-widget-image\" data-id=\"6829e45\" data-element_type=\"widget\" data-e-type=\"widget\" data-settings=\"{&quot;_animation&quot;:&quot;bounceInUp&quot;}\" data-widget_type=\"image.default\">\n\t\t\t\t\t\t\t\t\t\t\t\t\t\t\t<img decoding=\"async\" width=\"785\" height=\"785\" src=\"https:\/\/fincaelmorisco.com\/wp-content\/uploads\/2023\/10\/Karta-Purkh-Kaur.jpg\" class=\"attachment-large size-large wp-image-14020\" alt=\"\" srcset=\"https:\/\/fincaelmorisco.com\/wp-content\/uploads\/2023\/10\/Karta-Purkh-Kaur.jpg 785w, https:\/\/fincaelmorisco.com\/wp-content\/uploads\/2023\/10\/Karta-Purkh-Kaur-768x768.jpg 768w, https:\/\/fincaelmorisco.com\/wp-content\/uploads\/2023\/10\/Karta-Purkh-Kaur-150x150.jpg 150w\" sizes=\"(max-width: 785px) 100vw, 785px\" \/>\t\t\t\t\t\t\t\t\t\t\t\t\t\t\t<\/div>\n\t\t\t\t<\/div>\n\t\t\t\t\t<\/div>\n\t\t\t\t<\/div>\n\t\t<div class=\"elementor-element elementor-element-b2bf8aa e-flex e-con-boxed e-con e-parent\" data-id=\"b2bf8aa\" data-element_type=\"container\" data-e-type=\"container\">\n\t\t\t\t\t<div class=\"e-con-inner\">\n\t\t<div class=\"elementor-element elementor-element-3823fa6 e-con-full e-flex e-con e-child\" data-id=\"3823fa6\" data-element_type=\"container\" data-e-type=\"container\">\n\t\t\t\t<div class=\"elementor-element elementor-element-c005169 elementor-invisible elementor-widget elementor-widget-image\" data-id=\"c005169\" data-element_type=\"widget\" data-e-type=\"widget\" data-settings=\"{&quot;_animation&quot;:&quot;bounceInDown&quot;}\" data-widget_type=\"image.default\">\n\t\t\t\t\t\t\t\t\t\t\t\t\t\t\t<img decoding=\"async\" width=\"800\" height=\"800\" src=\"https:\/\/fincaelmorisco.com\/wp-content\/uploads\/2023\/10\/Dharam-Gian-Kaur.jpg\" class=\"attachment-large size-large wp-image-14016\" alt=\"\" srcset=\"https:\/\/fincaelmorisco.com\/wp-content\/uploads\/2023\/10\/Dharam-Gian-Kaur.jpg 800w, https:\/\/fincaelmorisco.com\/wp-content\/uploads\/2023\/10\/Dharam-Gian-Kaur-768x768.jpg 768w, https:\/\/fincaelmorisco.com\/wp-content\/uploads\/2023\/10\/Dharam-Gian-Kaur-150x150.jpg 150w\" sizes=\"(max-width: 800px) 100vw, 800px\" \/>\t\t\t\t\t\t\t\t\t\t\t\t\t\t\t<\/div>\n\t\t\t\t<\/div>\n\t\t<div class=\"elementor-element elementor-element-bab2748 e-con-full e-flex e-con e-child\" data-id=\"bab2748\" data-element_type=\"container\" data-e-type=\"container\">\n\t\t\t\t<div class=\"elementor-element elementor-element-85c38ff elementor-invisible elementor-widget elementor-widget-text-editor\" data-id=\"85c38ff\" data-element_type=\"widget\" data-e-type=\"widget\" data-settings=\"{&quot;_animation&quot;:&quot;bounceInUp&quot;}\" data-widget_type=\"text-editor.default\">\n\t\t\t\t\t\t\t\t\t<p><b>Dharam Gian Kaur<br \/><\/b>Trainerin<br \/>Dharam Gian Kaur ist Mutter von zwei erwachsenen T\u00f6chtern und Yoga tr\u00e4gt sie durch ihr prall gef\u00fclltes Leben.<br \/>Sie arbeitet als Yogalehrerin und Heilpraktikerin in eigener Praxis, \u00fcbersetzt und koordiniert Yogalehrer-Ausbildungen und schreibt als Autorin. Dharam Gian hat Philosophie, Germanistik und Schauspiel studiert.<\/p><p>Das Wissen, das sie Kundalini-Yoga und das Leben gelehrt haben, gibt sie nun mit gro\u00dfer Freude weiter. Sie liebt es, zu unterrichten und immer wieder neue Erfahrungen, im Austausch mit anderen zu machen und Menschen auf ihrem Weg zu unterst\u00fctzen. Als\u00a0 international anerkannte Ausbilderin (KRI) f\u00fcr die Level 1 Yogalehrer-Ausbildung (Pranajio) und als Ausbilderin in der Yogatherapie-Ausbildung (3HO) hat sich das f\u00fcr sie in ganz besonderem Ma\u00dfe erf\u00fcllt.<\/p>\t\t\t\t\t\t\t\t<\/div>\n\t\t\t\t<\/div>\n\t\t\t\t\t<\/div>\n\t\t\t\t<\/div>\n\t\t<div class=\"elementor-element elementor-element-675be99 e-flex e-con-boxed e-con e-parent\" data-id=\"675be99\" data-element_type=\"container\" data-e-type=\"container\">\n\t\t\t\t\t<div class=\"e-con-inner\">\n\t\t<div class=\"elementor-element elementor-element-cb73941 e-con-full e-flex e-con e-child\" data-id=\"cb73941\" data-element_type=\"container\" data-e-type=\"container\">\n\t\t\t\t<div class=\"elementor-element elementor-element-5205d7f elementor-invisible elementor-widget elementor-widget-text-editor\" data-id=\"5205d7f\" data-element_type=\"widget\" data-e-type=\"widget\" data-settings=\"{&quot;_animation&quot;:&quot;bounceInDown&quot;}\" data-widget_type=\"text-editor.default\">\n\t\t\t\t\t\t\t\t\t<p><b>Sat Parvan Kaur<br \/><\/b>Trainerin<br \/>Sat Parvan Kaur ist auch nach vielen Jahren begeistert von Kundalini Yoga. Die breite Vielfalt und die vielen M\u00f6glichkeiten Menschen auf ihrem Weg zu unterst\u00fctzen sind ein gro\u00dfes Geschenk. Mit Freude und Herz f\u00fchrt sie durch die \u00dcbungsreihen und vermittelt die n\u00f6tige Tiefe in Meditationen. Besondere Interessen sind Klang und Gong, Yoga und Psychologie, sowie Yoga als Therapie.<\/p><p>Privat ist sie gl\u00fccklich verheiratet und Mutter von 3 gro\u00dfen S\u00f6hnen und einer Tochter.<\/p><p>Astrid Sat Parvan Kaur ist Mentee von Dharma Singh, auf dem Weg zur Lehrerin f\u00fcr Prana Jio.<\/p>\t\t\t\t\t\t\t\t<\/div>\n\t\t\t\t<\/div>\n\t\t<div class=\"elementor-element elementor-element-bbb6ec4 e-con-full e-flex e-con e-child\" data-id=\"bbb6ec4\" data-element_type=\"container\" data-e-type=\"container\">\n\t\t\t\t<div class=\"elementor-element elementor-element-f0c11e3 elementor-invisible elementor-widget elementor-widget-image\" data-id=\"f0c11e3\" data-element_type=\"widget\" data-e-type=\"widget\" data-settings=\"{&quot;_animation&quot;:&quot;bounceInUp&quot;}\" data-widget_type=\"image.default\">\n\t\t\t\t\t\t\t\t\t\t\t\t\t\t\t<img loading=\"lazy\" decoding=\"async\" width=\"800\" height=\"800\" src=\"https:\/\/fincaelmorisco.com\/wp-content\/uploads\/2023\/10\/Sat-Parvan-Kaur.jpeg\" class=\"attachment-large size-large wp-image-14026\" alt=\"\" srcset=\"https:\/\/fincaelmorisco.com\/wp-content\/uploads\/2023\/10\/Sat-Parvan-Kaur.jpeg 800w, https:\/\/fincaelmorisco.com\/wp-content\/uploads\/2023\/10\/Sat-Parvan-Kaur-768x768.jpeg 768w, https:\/\/fincaelmorisco.com\/wp-content\/uploads\/2023\/10\/Sat-Parvan-Kaur-150x150.jpeg 150w\" sizes=\"(max-width: 800px) 100vw, 800px\" \/>\t\t\t\t\t\t\t\t\t\t\t\t\t\t\t<\/div>\n\t\t\t\t<\/div>\n\t\t\t\t\t<\/div>\n\t\t\t\t<\/div>\n\t\t<div class=\"elementor-element elementor-element-577b3a4 e-flex e-con-boxed e-con e-parent\" data-id=\"577b3a4\" data-element_type=\"container\" data-e-type=\"container\">\n\t\t\t\t\t<div class=\"e-con-inner\">\n\t\t<div class=\"elementor-element elementor-element-58c5025 e-con-full e-flex e-con e-child\" data-id=\"58c5025\" data-element_type=\"container\" data-e-type=\"container\">\n\t\t\t\t<div class=\"elementor-element elementor-element-114af03 elementor-invisible elementor-widget elementor-widget-image\" data-id=\"114af03\" data-element_type=\"widget\" data-e-type=\"widget\" data-settings=\"{&quot;_animation&quot;:&quot;bounceInDown&quot;}\" data-widget_type=\"image.default\">\n\t\t\t\t\t\t\t\t\t\t\t\t\t\t\t<img loading=\"lazy\" decoding=\"async\" width=\"800\" height=\"800\" src=\"https:\/\/fincaelmorisco.com\/wp-content\/uploads\/2023\/10\/Sant-Subagh-Kaur.jpg\" class=\"attachment-large size-large wp-image-14024\" alt=\"\" srcset=\"https:\/\/fincaelmorisco.com\/wp-content\/uploads\/2023\/10\/Sant-Subagh-Kaur.jpg 800w, https:\/\/fincaelmorisco.com\/wp-content\/uploads\/2023\/10\/Sant-Subagh-Kaur-768x768.jpg 768w, https:\/\/fincaelmorisco.com\/wp-content\/uploads\/2023\/10\/Sant-Subagh-Kaur-150x150.jpg 150w\" sizes=\"(max-width: 800px) 100vw, 800px\" \/>\t\t\t\t\t\t\t\t\t\t\t\t\t\t\t<\/div>\n\t\t\t\t<\/div>\n\t\t<div class=\"elementor-element elementor-element-0ba1c28 e-con-full e-flex e-con e-child\" data-id=\"0ba1c28\" data-element_type=\"container\" data-e-type=\"container\">\n\t\t\t\t<div class=\"elementor-element elementor-element-ed56afe elementor-invisible elementor-widget elementor-widget-text-editor\" data-id=\"ed56afe\" data-element_type=\"widget\" data-e-type=\"widget\" data-settings=\"{&quot;_animation&quot;:&quot;bounceInUp&quot;}\" data-widget_type=\"text-editor.default\">\n\t\t\t\t\t\t\t\t\t<p><b>Sant Subagh Kaur<br \/><\/b>Trainerin<br \/>Jahrgang 1969<br \/>verheiratet , 4 Kinder, 4 Enkelkinder<\/p><p>seit 2004 auf dem Kundalini Yoga Weg<\/p><p>Geburtsvorbereiterin und Doula Geburtsbegleiterin<\/p><p>Durch KRI anerkannte Ausbilderin (Professionell Teacher Trainer) der Stufe 1 bei Pranajio<\/p><p>Ausbilderin Fachausbildung Schwangeren Yoga und R\u00fcckbildungsyoga nach der Geburt<\/p><p>Ausbilderin f\u00fcr Doulas bei den Geburtsgef\u00e4hrtinnen<\/p><p>Ausbildung in spiritueller Krisen- und Sterbegeleitung (Dharmatraining) Hospizbegleiterin<\/p><p>Yoga und Psychologie, Yoga Nidra, Gongspielerin und Lomi Lomi Hawaiianische Massagekunst<\/p><p>Hatha Yoga Vertiefung<\/p>\t\t\t\t\t\t\t\t<\/div>\n\t\t\t\t<\/div>\n\t\t\t\t\t<\/div>\n\t\t\t\t<\/div>\n\t\t<div class=\"elementor-element elementor-element-488340a e-flex e-con-boxed e-con e-parent\" data-id=\"488340a\" data-element_type=\"container\" data-e-type=\"container\">\n\t\t\t\t\t<div class=\"e-con-inner\">\n\t\t\t\t<div class=\"elementor-element elementor-element-b894817 elementor-invisible elementor-widget elementor-widget-text-editor\" data-id=\"b894817\" data-element_type=\"widget\" data-e-type=\"widget\" data-settings=\"{&quot;_animation&quot;:&quot;slideInRight&quot;}\" data-widget_type=\"text-editor.default\">\n\t\t\t\t\t\t\t\t\t<p><strong>Inhalte<\/strong><br \/>In der Seminarwoche werden wir auf die Besonderheiten dieses Yogastils eingehen. In unserer umfangreichen Ausbildung lernst du von erfahrenen und zertifizierten Kundalini Yogalehrer*innen die Grundlagen und fortgeschrittenen Techniken des Kundalini Yogas. Du wirst in die Philosophie und Praxis des Kundalini Yogas eingef\u00fchrt und erh\u00e4ltst das n\u00f6tige Wissen, um selbstst\u00e4ndig Yoga-Klassen zu leiten.<\/p>\t\t\t\t\t\t\t\t<\/div>\n\t\t\t\t<div class=\"elementor-element elementor-element-fafb2a8 elementor-invisible elementor-widget elementor-widget-text-editor\" data-id=\"fafb2a8\" data-element_type=\"widget\" data-e-type=\"widget\" data-settings=\"{&quot;_animation&quot;:&quot;slideInRight&quot;}\" data-widget_type=\"text-editor.default\">\n\t\t\t\t\t\t\t\t\t<p><b>Unsere Ausbildung umfasst:<\/b><\/p><p>Intensive Praxis: Tauche tief in die Welt des Kundalini Yogas ein und erlebe die transformative Kraft dieser uralten Praktiken. Lerne verschiedene Asanas, Atemtechniken und Meditationstechniken kennen und erfahre, wie du sie sicher und effektiv unterrichten kannst.<\/p><p>Theoretisches Wissen: Verstehe die Grundlagen des Kundalini Yogas, erfahre den Unterschied zwischen Koshas und den 10 K\u00f6rpern und der Bedeutung der Kundalini-Energie.<\/p><p>Lerne, wie du dieses Wissen in deine Yoga-Klassen integrieren kannst, um deine Sch\u00fcler*innen auf ihrem spirituellen Weg zu unterst\u00fctzen.<\/p><p>Lerne die Auswirkungen der Asanas auf die verschiedenen K\u00f6rpersysteme kennen und erhalte ein fundiertes Verst\u00e4ndnis f\u00fcr die Techniken des Kundalini Yogas.<\/p><p>Unterrichtsmethodik: Entwickle deine F\u00e4higkeiten als Lehrer*in weiter und lerne, wie du eine sichere und inspirierende Yoga-Klasse leitest.<\/p><p>Erfahre, wie du deine Sch\u00fcler*innen motivierst, individuelle Bed\u00fcrfnisse ber\u00fccksichtigst und eine unterst\u00fctzende und liebevolle Atmosph\u00e4re schaffst.<\/p><p>Praktische Erfahrung: W\u00e4hrend der Ausbildung hast du die M\u00f6glichkeit, deine F\u00e4higkeiten als Lehrer*in in realen Yoga-Klassen zu \u00fcben.<\/p><p>Jeder Unterrichtstag beinhaltet Vortr\u00e4ge, Praxis und Zeit f\u00fcr Diskussionen und Fragen. Die Ablauf der Seminarinhalte kann sich verschieben.<\/p>\t\t\t\t\t\t\t\t<\/div>\n\t\t\t\t<div class=\"elementor-element elementor-element-2864cf7 elementor-invisible elementor-widget elementor-widget-text-editor\" data-id=\"2864cf7\" data-element_type=\"widget\" data-e-type=\"widget\" data-settings=\"{&quot;_animation&quot;:&quot;slideInRight&quot;}\" data-widget_type=\"text-editor.default\">\n\t\t\t\t\t\t\t\t\t<p><b>Tagesablauf<\/b><br \/>7.00 &#8211; 8.30 Uhr<br \/>Wir starten mit Yoga in den Tag: 2x mit dem Aquarien Sadhana<\/p><p>9.00 Uhr<br \/>Fr\u00fchst\u00fcck<\/p><p>10.00 &#8211; 13.00 Uhr &amp; 16.00 &#8211; 18.00 Uhr<br \/>Seminar<\/p><p>19.00 Uhr <br \/>Abendessen<\/p><p>20.00 &#8211; 21.00 Uhr<br \/>Gemeinschaftliche Runden mit Mantra Singen, Lagerfeuer, Sauna etc.<br \/>(\u00c4nderungen vorbehalten).<\/p>\t\t\t\t\t\t\t\t<\/div>\n\t\t\t\t<div class=\"elementor-element elementor-element-bac7006 elementor-invisible elementor-widget elementor-widget-text-editor\" data-id=\"bac7006\" data-element_type=\"widget\" data-e-type=\"widget\" data-settings=\"{&quot;_animation&quot;:&quot;slideInRight&quot;}\" data-widget_type=\"text-editor.default\">\n\t\t\t\t\t\t\t\t\t<p><b>Programmablauf*<\/b><\/p><p>Sonntag: <br \/>Anreise inkl. Transfer zur Finca<\/p><p>Montag: <br \/>Wie Wirkt Kundalini Yoga (auf das Nervensystem, Stressachse, Dr\u00fcsensystem), was ist der spirituelle Hintergrund und wie sieht die Praxis dazu aus<\/p><p>Dienstag: <br \/>Welche Besonderheiten in Punkte Pranayama gibt es und welchen Hintergrund haben Konzentrationspunkte und Meditationszeiten<\/p><p>Mittwoch: <br \/>Der Mind &#8211; wie beeinflusst Meditation und Yoga deine Gedanken, wie hilft dir die Nabelenergie und welcher Zusammenhang besteht mit dem Aufstieg der Kundalini<\/p><p>Donnerstag: <br \/>Was ist der Unterschied zwischen Koshas und den 10 K\u00f6rpern? Wie wirken Naad, Mantra und Klang auf dich, dein Dr\u00fcsensystem, den Vagus Nerv<\/p><p>Freitag: <br \/>Der Heilaspekt von Kundalini Yoga, welchen Einfluss hat diese Yoga Form auf deine Emotionen, den Herzraum und deinen Zugang zur Seele, Besondere Meditationsformen<\/p><p>Samstag: <br \/>Die Lebenszyklen, Numerologie, und welche Padas gibt es<br \/>Fragerunde und Abschluss<\/p><p>Sonntag: <br \/>Abreise inkl. Transfer zum Flughafen<\/p><p>\u00a0<\/p>\t\t\t\t\t\t\t\t<\/div>\n\t\t\t\t<div class=\"elementor-element elementor-element-786b8ce elementor-invisible elementor-widget elementor-widget-text-editor\" data-id=\"786b8ce\" data-element_type=\"widget\" data-e-type=\"widget\" data-settings=\"{&quot;_animation&quot;:&quot;slideInRight&quot;}\" data-widget_type=\"text-editor.default\">\n\t\t\t\t\t\t\t\t\t<p><b>Reisepreis:<\/b><\/p><p>ab 1.350,00 EUR inkl. \u00dcbernachtung im Zweitbettzimmer (bei Belegung mit 2 Personen)<\/p><p>Zimmerkategorien* \u2013 Upgrades:<\/p><p>zzgl. 145,00 EUR Woche\/Person bei Unterbringung im Einzelzimmer<\/p><p>zzgl. 45,00 EUR Woche\/Person bei Unterbringung im Zweibettzimmer mit je 2 Einzelbetten und kleiner K\u00fcchenzeile (bei einer Belegung mit 2 Personen)<\/p><p>zzgl. 190,00 EUR\u00a0 Woche\/Person bei Unterbringung im Einzelzimmer mit kleiner K\u00fcchenzeile\u00a0<br \/>*soweit bei Buchung verf\u00fcgbar<\/p>\t\t\t\t\t\t\t\t<\/div>\n\t\t\t\t<div class=\"elementor-element elementor-element-53c3030 elementor-invisible elementor-widget elementor-widget-text-editor\" data-id=\"53c3030\" data-element_type=\"widget\" data-e-type=\"widget\" data-settings=\"{&quot;_animation&quot;:&quot;slideInRight&quot;}\" data-widget_type=\"text-editor.default\">\n\t\t\t\t\t\t\t\t\t<p><b>Inklusivleistungen*:<\/b><\/p><p>Ausbildung an 6 Seminartagen<\/p><p>7 \u00dcbernachtungen in der gebuchten Zimmerkategorie<\/p><p>Vegetarisch\/vegane Vollverpflegung*, auch aus Bioanbau inkl. aller Getr\u00e4nke (z. B. frisch gepresster Orangensaft, Wein und Bier, auch alkoholfrei) Das K\u00fcchenteam verwendet zur Herstellung der Speisen \u00fcberwiegend naturbelassene Lebensmittel der Jahreszeit. Einige Brotaufstriche sind hausgemacht.<\/p><p>B\u00fcffet: Fr\u00fchst\u00fcck (10.00 bis 11.00 Uhr), abends (19.00 bis 20.00 Uhr). Ausserhalb der Buffetzeiten stehen f\u00fcr die G\u00e4ste immer Obstk\u00f6rbe, Brot zum Toasten, Aufstriche, K\u00e4se, Geb\u00e4ck, Wasser, Tee, Kaffee sowie Zitrusfr\u00fcchte zum Auspressen etc. bereit.<\/p><p>Auf der Finca halten wir f\u00fcr dich qualitativ hochwertiges, gefiltertes Wasser bereit. Bringe bitte deine eigene Wasserflasche mit.<\/p><p>*Bitte gib bei Buchung eventuelle Lebensmittelunvertr\u00e4glichkeiten an. Auf Anfrage wird dann glutenfreies Brot, Aufstriche, Salate, frisches Obst, Gem\u00fcse, N\u00fcsse &amp; Samen, Sojamilch und Mandelmilch angeboten. Extras k\u00f6nnen gerne mitgebracht und im K\u00fchlschrank aufbewahrt werden.<\/p>\t\t\t\t\t\t\t\t<\/div>\n\t\t\t\t<div class=\"elementor-element elementor-element-11a1086 elementor-invisible elementor-widget elementor-widget-text-editor\" data-id=\"11a1086\" data-element_type=\"widget\" data-e-type=\"widget\" data-settings=\"{&quot;_animation&quot;:&quot;slideInRight&quot;}\" data-widget_type=\"text-editor.default\">\n\t\t\t\t\t\t\t\t\t<p><strong>Nicht im Reisepreis enthalten sind:<\/strong><\/p><ul><li>Hin- und R\u00fcckflug bzw. An-\/Abreise von\/zum Flughafen<\/li><li>Reiser\u00fccktrittsversicherung<\/li><li>sonstige Versicherungen und Leistungen, sofern in der Reisebeschreibung nicht anders vermerkt<\/li><\/ul>\t\t\t\t\t\t\t\t<\/div>\n\t\t\t\t<div class=\"elementor-element elementor-element-d70878b elementor-invisible elementor-widget elementor-widget-text-editor\" data-id=\"d70878b\" data-element_type=\"widget\" data-e-type=\"widget\" data-settings=\"{&quot;_animation&quot;:&quot;slideInRight&quot;}\" data-widget_type=\"text-editor.default\">\n\t\t\t\t\t\t\t\t\t<p><b>Anmeldung<\/b><br \/>Schicke uns daf\u00fcr einfach eine E-Mail an\u00a0<a href=\"mailto:satnam@pranajio.com\">satnam@pranajio.com<\/a> und wir schicken dir unser Anmeldeformular zu.<\/p><p>F\u00fcr R\u00fcckfragen\u00a0stehen wir dir gerne per E-Mail an\u00a0<a href=\"mailto:satnam@pranajio.com\">satnam@pranajio.com<\/a>\u00a0oder telefonisch unter\u00a0+49 761 4570946 zur Verf\u00fcgung.<\/p><p>Alle Infos unter: <a href=\"http:\/\/www.pranajio.com\/yoga-retreat-andalusien\">www.pranajio.com\/yoga-retreat-andalusien<\/a><\/p>\t\t\t\t\t\t\t\t<\/div>\n\t\t\t\t\t<\/div>\n\t\t\t\t<\/div>\n\t\t\t\t<\/div>\n\t\t","protected":false},"excerpt":{"rendered":"<p>Upgrade Now ON TOP Kundalini Ausbildung f\u00fcr Yoga Teacher Yogalehrer Fortbildung in Andalusien Finca el Morisco &#8211; Entdecke deine innere Kraft! 6 Tage \/ 52 Stunden &#8211; Kurs und Meditation im Urlaub Sonntag, 3. M\u00e4rz &#8211; Sonntag, 10. M\u00e4rz 2024Preis <a class=\"more-link\" href=\"https:\/\/fincaelmorisco.com\/?p=14014\">weiterlesen&#8230;<\/a><\/p>\n","protected":false},"author":1,"featured_media":0,"comment_status":"closed","ping_status":"closed","sticky":false,"template":"","format":"standard","meta":{"_exactmetrics_skip_tracking":false,"_exactmetrics_sitenote_active":false,"_exactmetrics_sitenote_note":"","_exactmetrics_sitenote_category":0,"footnotes":""},"categories":[15],"tags":[],"class_list":["post-14014","post","type-post","status-publish","format-standard","hentry","category-programm"],"yoast_head":"<!-- This site is optimized with the Yoast SEO plugin v27.5 - https:\/\/yoast.com\/product\/yoast-seo-wordpress\/ -->\n<title>Upgrade Now ON TOP Kundalini Ausbildung - Finca el Morisco<\/title>\n<meta name=\"description\" content=\"Eine Yoga Teacher Yogalehrer Fortbildung in Andalusien bei uns auf der Finca el Morisco - Entedecke deine Innnere Kraft\" \/>\n<meta name=\"robots\" content=\"index, follow, max-snippet:-1, max-image-preview:large, max-video-preview:-1\" \/>\n<link rel=\"canonical\" href=\"https:\/\/fincaelmorisco.com\/?p=14014\" \/>\n<meta property=\"og:locale\" content=\"de_DE\" \/>\n<meta property=\"og:type\" content=\"article\" \/>\n<meta property=\"og:title\" content=\"Upgrade Now ON TOP Kundalini Ausbildung - Finca el Morisco\" \/>\n<meta property=\"og:description\" content=\"Eine Yoga Teacher Yogalehrer Fortbildung in Andalusien bei uns auf der Finca el Morisco - Entedecke deine Innnere Kraft\" \/>\n<meta property=\"og:url\" content=\"https:\/\/fincaelmorisco.com\/?p=14014\" \/>\n<meta property=\"og:site_name\" content=\"Finca el Morisco\" \/>\n<meta property=\"article:published_time\" content=\"2023-10-29T19:36:44+00:00\" \/>\n<meta property=\"article:modified_time\" content=\"2023-10-29T19:49:31+00:00\" \/>\n<meta property=\"og:image\" content=\"https:\/\/fincaelmorisco.com\/wp-content\/uploads\/2023\/10\/Dharma-Singh.jpg\" \/>\n<meta name=\"author\" content=\"Finca El Morisco\" \/>\n<meta name=\"twitter:card\" content=\"summary_large_image\" \/>\n<meta name=\"twitter:label1\" content=\"Verfasst von\" \/>\n\t<meta name=\"twitter:data1\" content=\"\" \/>\n\t<meta name=\"twitter:label2\" content=\"Gesch\u00e4tzte Lesezeit\" \/>\n\t<meta name=\"twitter:data2\" content=\"8\u00a0Minuten\" \/>\n<script type=\"application\/ld+json\" class=\"yoast-schema-graph\">{\"@context\":\"https:\\\/\\\/schema.org\",\"@graph\":[{\"@type\":\"Article\",\"@id\":\"https:\\\/\\\/fincaelmorisco.com\\\/?p=14014#article\",\"isPartOf\":{\"@id\":\"https:\\\/\\\/fincaelmorisco.com\\\/?p=14014\"},\"author\":{\"name\":\"Finca El Morisco\",\"@id\":\"https:\\\/\\\/fincaelmorisco.com\\\/#\\\/schema\\\/person\\\/514dfb93478c8e8ea012c3c2779bc906\"},\"headline\":\"Upgrade Now ON TOP Kundalini Ausbildung\",\"datePublished\":\"2023-10-29T19:36:44+00:00\",\"dateModified\":\"2023-10-29T19:49:31+00:00\",\"mainEntityOfPage\":{\"@id\":\"https:\\\/\\\/fincaelmorisco.com\\\/?p=14014\"},\"wordCount\":1245,\"publisher\":{\"@id\":\"https:\\\/\\\/fincaelmorisco.com\\\/#organization\"},\"image\":{\"@id\":\"https:\\\/\\\/fincaelmorisco.com\\\/?p=14014#primaryimage\"},\"thumbnailUrl\":\"https:\\\/\\\/fincaelmorisco.com\\\/wp-content\\\/uploads\\\/2023\\\/10\\\/Dharma-Singh.jpg\",\"articleSection\":[\"Programm\"],\"inLanguage\":\"de\"},{\"@type\":\"WebPage\",\"@id\":\"https:\\\/\\\/fincaelmorisco.com\\\/?p=14014\",\"url\":\"https:\\\/\\\/fincaelmorisco.com\\\/?p=14014\",\"name\":\"Upgrade Now ON TOP Kundalini Ausbildung - Finca el Morisco\",\"isPartOf\":{\"@id\":\"https:\\\/\\\/fincaelmorisco.com\\\/#website\"},\"primaryImageOfPage\":{\"@id\":\"https:\\\/\\\/fincaelmorisco.com\\\/?p=14014#primaryimage\"},\"image\":{\"@id\":\"https:\\\/\\\/fincaelmorisco.com\\\/?p=14014#primaryimage\"},\"thumbnailUrl\":\"https:\\\/\\\/fincaelmorisco.com\\\/wp-content\\\/uploads\\\/2023\\\/10\\\/Dharma-Singh.jpg\",\"datePublished\":\"2023-10-29T19:36:44+00:00\",\"dateModified\":\"2023-10-29T19:49:31+00:00\",\"description\":\"Eine Yoga Teacher Yogalehrer Fortbildung in Andalusien bei uns auf der Finca el Morisco - Entedecke deine Innnere Kraft\",\"breadcrumb\":{\"@id\":\"https:\\\/\\\/fincaelmorisco.com\\\/?p=14014#breadcrumb\"},\"inLanguage\":\"de\",\"potentialAction\":[{\"@type\":\"ReadAction\",\"target\":[\"https:\\\/\\\/fincaelmorisco.com\\\/?p=14014\"]}]},{\"@type\":\"ImageObject\",\"inLanguage\":\"de\",\"@id\":\"https:\\\/\\\/fincaelmorisco.com\\\/?p=14014#primaryimage\",\"url\":\"https:\\\/\\\/fincaelmorisco.com\\\/wp-content\\\/uploads\\\/2023\\\/10\\\/Dharma-Singh.jpg\",\"contentUrl\":\"https:\\\/\\\/fincaelmorisco.com\\\/wp-content\\\/uploads\\\/2023\\\/10\\\/Dharma-Singh.jpg\",\"width\":761,\"height\":761},{\"@type\":\"BreadcrumbList\",\"@id\":\"https:\\\/\\\/fincaelmorisco.com\\\/?p=14014#breadcrumb\",\"itemListElement\":[{\"@type\":\"ListItem\",\"position\":1,\"name\":\"Home\",\"item\":\"https:\\\/\\\/fincaelmorisco.com\\\/\"},{\"@type\":\"ListItem\",\"position\":2,\"name\":\"Upgrade Now ON TOP Kundalini Ausbildung\"}]},{\"@type\":\"WebSite\",\"@id\":\"https:\\\/\\\/fincaelmorisco.com\\\/#website\",\"url\":\"https:\\\/\\\/fincaelmorisco.com\\\/\",\"name\":\"Finca el Morisco\",\"description\":\"Yogaurlaub in Andalusien Finca El Morisco\",\"publisher\":{\"@id\":\"https:\\\/\\\/fincaelmorisco.com\\\/#organization\"},\"potentialAction\":[{\"@type\":\"SearchAction\",\"target\":{\"@type\":\"EntryPoint\",\"urlTemplate\":\"https:\\\/\\\/fincaelmorisco.com\\\/?s={search_term_string}\"},\"query-input\":{\"@type\":\"PropertyValueSpecification\",\"valueRequired\":true,\"valueName\":\"search_term_string\"}}],\"inLanguage\":\"de\"},{\"@type\":\"Organization\",\"@id\":\"https:\\\/\\\/fincaelmorisco.com\\\/#organization\",\"name\":\"Finca El Morisco\",\"url\":\"https:\\\/\\\/fincaelmorisco.com\\\/\",\"logo\":{\"@type\":\"ImageObject\",\"inLanguage\":\"de\",\"@id\":\"https:\\\/\\\/fincaelmorisco.com\\\/#\\\/schema\\\/logo\\\/image\\\/\",\"url\":\"https:\\\/\\\/fincaelmorisco.com\\\/wp-content\\\/uploads\\\/2022\\\/02\\\/Finca-El-Morisco-Logo.png\",\"contentUrl\":\"https:\\\/\\\/fincaelmorisco.com\\\/wp-content\\\/uploads\\\/2022\\\/02\\\/Finca-El-Morisco-Logo.png\",\"width\":521,\"height\":123,\"caption\":\"Finca El Morisco\"},\"image\":{\"@id\":\"https:\\\/\\\/fincaelmorisco.com\\\/#\\\/schema\\\/logo\\\/image\\\/\"}},{\"@type\":\"Person\",\"@id\":\"https:\\\/\\\/fincaelmorisco.com\\\/#\\\/schema\\\/person\\\/514dfb93478c8e8ea012c3c2779bc906\",\"name\":\"Finca El Morisco\",\"image\":{\"@type\":\"ImageObject\",\"inLanguage\":\"de\",\"@id\":\"https:\\\/\\\/secure.gravatar.com\\\/avatar\\\/4eef53a659eacb6d411309b59a0f8b82cbd5132928fc43e54e365596467f3734?s=96&d=mm&r=g\",\"url\":\"https:\\\/\\\/secure.gravatar.com\\\/avatar\\\/4eef53a659eacb6d411309b59a0f8b82cbd5132928fc43e54e365596467f3734?s=96&d=mm&r=g\",\"contentUrl\":\"https:\\\/\\\/secure.gravatar.com\\\/avatar\\\/4eef53a659eacb6d411309b59a0f8b82cbd5132928fc43e54e365596467f3734?s=96&d=mm&r=g\",\"caption\":\"Finca El Morisco\"},\"sameAs\":[\"https:\\\/\\\/fincaelmorisco.com\"],\"url\":\"https:\\\/\\\/fincaelmorisco.com\\\/?author=1\"}]}<\/script>\n<!-- \/ Yoast SEO plugin. -->","yoast_head_json":{"title":"Upgrade Now ON TOP Kundalini Ausbildung - Finca el Morisco","description":"Eine Yoga Teacher Yogalehrer Fortbildung in Andalusien bei uns auf der Finca el Morisco - Entedecke deine Innnere Kraft","robots":{"index":"index","follow":"follow","max-snippet":"max-snippet:-1","max-image-preview":"max-image-preview:large","max-video-preview":"max-video-preview:-1"},"canonical":"https:\/\/fincaelmorisco.com\/?p=14014","og_locale":"de_DE","og_type":"article","og_title":"Upgrade Now ON TOP Kundalini Ausbildung - Finca el Morisco","og_description":"Eine Yoga Teacher Yogalehrer Fortbildung in Andalusien bei uns auf der Finca el Morisco - Entedecke deine Innnere Kraft","og_url":"https:\/\/fincaelmorisco.com\/?p=14014","og_site_name":"Finca el Morisco","article_published_time":"2023-10-29T19:36:44+00:00","article_modified_time":"2023-10-29T19:49:31+00:00","og_image":[{"url":"https:\/\/fincaelmorisco.com\/wp-content\/uploads\/2023\/10\/Dharma-Singh.jpg","type":"","width":"","height":""}],"author":"Finca El Morisco","twitter_card":"summary_large_image","twitter_misc":{"Verfasst von":false,"Gesch\u00e4tzte Lesezeit":"8\u00a0Minuten"},"schema":{"@context":"https:\/\/schema.org","@graph":[{"@type":"Article","@id":"https:\/\/fincaelmorisco.com\/?p=14014#article","isPartOf":{"@id":"https:\/\/fincaelmorisco.com\/?p=14014"},"author":{"name":"Finca El Morisco","@id":"https:\/\/fincaelmorisco.com\/#\/schema\/person\/514dfb93478c8e8ea012c3c2779bc906"},"headline":"Upgrade Now ON TOP Kundalini Ausbildung","datePublished":"2023-10-29T19:36:44+00:00","dateModified":"2023-10-29T19:49:31+00:00","mainEntityOfPage":{"@id":"https:\/\/fincaelmorisco.com\/?p=14014"},"wordCount":1245,"publisher":{"@id":"https:\/\/fincaelmorisco.com\/#organization"},"image":{"@id":"https:\/\/fincaelmorisco.com\/?p=14014#primaryimage"},"thumbnailUrl":"https:\/\/fincaelmorisco.com\/wp-content\/uploads\/2023\/10\/Dharma-Singh.jpg","articleSection":["Programm"],"inLanguage":"de"},{"@type":"WebPage","@id":"https:\/\/fincaelmorisco.com\/?p=14014","url":"https:\/\/fincaelmorisco.com\/?p=14014","name":"Upgrade Now ON TOP Kundalini Ausbildung - Finca el Morisco","isPartOf":{"@id":"https:\/\/fincaelmorisco.com\/#website"},"primaryImageOfPage":{"@id":"https:\/\/fincaelmorisco.com\/?p=14014#primaryimage"},"image":{"@id":"https:\/\/fincaelmorisco.com\/?p=14014#primaryimage"},"thumbnailUrl":"https:\/\/fincaelmorisco.com\/wp-content\/uploads\/2023\/10\/Dharma-Singh.jpg","datePublished":"2023-10-29T19:36:44+00:00","dateModified":"2023-10-29T19:49:31+00:00","description":"Eine Yoga Teacher Yogalehrer Fortbildung in Andalusien bei uns auf der Finca el Morisco - Entedecke deine Innnere Kraft","breadcrumb":{"@id":"https:\/\/fincaelmorisco.com\/?p=14014#breadcrumb"},"inLanguage":"de","potentialAction":[{"@type":"ReadAction","target":["https:\/\/fincaelmorisco.com\/?p=14014"]}]},{"@type":"ImageObject","inLanguage":"de","@id":"https:\/\/fincaelmorisco.com\/?p=14014#primaryimage","url":"https:\/\/fincaelmorisco.com\/wp-content\/uploads\/2023\/10\/Dharma-Singh.jpg","contentUrl":"https:\/\/fincaelmorisco.com\/wp-content\/uploads\/2023\/10\/Dharma-Singh.jpg","width":761,"height":761},{"@type":"BreadcrumbList","@id":"https:\/\/fincaelmorisco.com\/?p=14014#breadcrumb","itemListElement":[{"@type":"ListItem","position":1,"name":"Home","item":"https:\/\/fincaelmorisco.com\/"},{"@type":"ListItem","position":2,"name":"Upgrade Now ON TOP Kundalini Ausbildung"}]},{"@type":"WebSite","@id":"https:\/\/fincaelmorisco.com\/#website","url":"https:\/\/fincaelmorisco.com\/","name":"Finca el Morisco","description":"Yogaurlaub in Andalusien Finca El Morisco","publisher":{"@id":"https:\/\/fincaelmorisco.com\/#organization"},"potentialAction":[{"@type":"SearchAction","target":{"@type":"EntryPoint","urlTemplate":"https:\/\/fincaelmorisco.com\/?s={search_term_string}"},"query-input":{"@type":"PropertyValueSpecification","valueRequired":true,"valueName":"search_term_string"}}],"inLanguage":"de"},{"@type":"Organization","@id":"https:\/\/fincaelmorisco.com\/#organization","name":"Finca El Morisco","url":"https:\/\/fincaelmorisco.com\/","logo":{"@type":"ImageObject","inLanguage":"de","@id":"https:\/\/fincaelmorisco.com\/#\/schema\/logo\/image\/","url":"https:\/\/fincaelmorisco.com\/wp-content\/uploads\/2022\/02\/Finca-El-Morisco-Logo.png","contentUrl":"https:\/\/fincaelmorisco.com\/wp-content\/uploads\/2022\/02\/Finca-El-Morisco-Logo.png","width":521,"height":123,"caption":"Finca El Morisco"},"image":{"@id":"https:\/\/fincaelmorisco.com\/#\/schema\/logo\/image\/"}},{"@type":"Person","@id":"https:\/\/fincaelmorisco.com\/#\/schema\/person\/514dfb93478c8e8ea012c3c2779bc906","name":"Finca El Morisco","image":{"@type":"ImageObject","inLanguage":"de","@id":"https:\/\/secure.gravatar.com\/avatar\/4eef53a659eacb6d411309b59a0f8b82cbd5132928fc43e54e365596467f3734?s=96&d=mm&r=g","url":"https:\/\/secure.gravatar.com\/avatar\/4eef53a659eacb6d411309b59a0f8b82cbd5132928fc43e54e365596467f3734?s=96&d=mm&r=g","contentUrl":"https:\/\/secure.gravatar.com\/avatar\/4eef53a659eacb6d411309b59a0f8b82cbd5132928fc43e54e365596467f3734?s=96&d=mm&r=g","caption":"Finca El Morisco"},"sameAs":["https:\/\/fincaelmorisco.com"],"url":"https:\/\/fincaelmorisco.com\/?author=1"}]}},"_links":{"self":[{"href":"https:\/\/fincaelmorisco.com\/index.php?rest_route=\/wp\/v2\/posts\/14014","targetHints":{"allow":["GET"]}}],"collection":[{"href":"https:\/\/fincaelmorisco.com\/index.php?rest_route=\/wp\/v2\/posts"}],"about":[{"href":"https:\/\/fincaelmorisco.com\/index.php?rest_route=\/wp\/v2\/types\/post"}],"author":[{"embeddable":true,"href":"https:\/\/fincaelmorisco.com\/index.php?rest_route=\/wp\/v2\/users\/1"}],"replies":[{"embeddable":true,"href":"https:\/\/fincaelmorisco.com\/index.php?rest_route=%2Fwp%2Fv2%2Fcomments&post=14014"}],"version-history":[{"count":8,"href":"https:\/\/fincaelmorisco.com\/index.php?rest_route=\/wp\/v2\/posts\/14014\/revisions"}],"predecessor-version":[{"id":14644,"href":"https:\/\/fincaelmorisco.com\/index.php?rest_route=\/wp\/v2\/posts\/14014\/revisions\/14644"}],"wp:attachment":[{"href":"https:\/\/fincaelmorisco.com\/index.php?rest_route=%2Fwp%2Fv2%2Fmedia&parent=14014"}],"wp:term":[{"taxonomy":"category","embeddable":true,"href":"https:\/\/fincaelmorisco.com\/index.php?rest_route=%2Fwp%2Fv2%2Fcategories&post=14014"},{"taxonomy":"post_tag","embeddable":true,"href":"https:\/\/fincaelmorisco.com\/index.php?rest_route=%2Fwp%2Fv2%2Ftags&post=14014"}],"curies":[{"name":"wp","href":"https:\/\/api.w.org\/{rel}","templated":true}]}}