{"id":13422,"date":"2023-04-06T14:09:12","date_gmt":"2023-04-06T12:09:12","guid":{"rendered":"https:\/\/fincaelmorisco.com\/?p=13422"},"modified":"2025-11-25T19:01:39","modified_gmt":"2025-11-25T18:01:39","slug":"2025-2","status":"publish","type":"post","link":"https:\/\/fincaelmorisco.com\/?p=13422","title":{"rendered":"Seminare 2026"},"content":{"rendered":"\t\t<div data-elementor-type=\"wp-post\" data-elementor-id=\"13422\" class=\"elementor elementor-13422\">\n\t\t\t\t<div class=\"elementor-element elementor-element-ab0afd9 e-flex e-con-boxed e-con e-parent\" data-id=\"ab0afd9\" data-element_type=\"container\" data-e-type=\"container\">\n\t\t\t\t\t<div class=\"e-con-inner\">\n\t\t\t\t<div class=\"elementor-element elementor-element-d2f8e5d elementor-widget elementor-widget-heading\" data-id=\"d2f8e5d\" data-element_type=\"widget\" data-e-type=\"widget\" data-widget_type=\"heading.default\">\n\t\t\t\t\t<h2 class=\"elementor-heading-title elementor-size-default\">Seminare 2026<\/h2>\t\t\t\t<\/div>\n\t\t\t\t\t<\/div>\n\t\t\t\t<\/div>\n\t\t\t\t<section class=\"elementor-section elementor-top-section elementor-element elementor-element-5d708cb elementor-section-boxed elementor-section-height-default elementor-section-height-default\" data-id=\"5d708cb\" data-element_type=\"section\" data-e-type=\"section\">\n\t\t\t\t\t\t<div class=\"elementor-container elementor-column-gap-default\">\n\t\t\t\t\t<div class=\"elementor-column elementor-col-100 elementor-top-column elementor-element elementor-element-c176066\" data-id=\"c176066\" data-element_type=\"column\" data-e-type=\"column\">\n\t\t\t<div class=\"elementor-widget-wrap elementor-element-populated\">\n\t\t\t\t\t\t<div class=\"elementor-element elementor-element-544a9f9 elementor-widget-divider--view-line elementor-widget elementor-widget-divider\" data-id=\"544a9f9\" data-element_type=\"widget\" data-e-type=\"widget\" data-widget_type=\"divider.default\">\n\t\t\t\t\t\t\t<div class=\"elementor-divider\">\n\t\t\t<span class=\"elementor-divider-separator\">\n\t\t\t\t\t\t<\/span>\n\t\t<\/div>\n\t\t\t\t\t\t<\/div>\n\t\t\t\t\t<\/div>\n\t\t<\/div>\n\t\t\t\t\t<\/div>\n\t\t<\/section>\n\t\t\t\t<section class=\"elementor-section elementor-top-section elementor-element elementor-element-54b0e0f elementor-section-boxed elementor-section-height-default elementor-section-height-default\" data-id=\"54b0e0f\" data-element_type=\"section\" data-e-type=\"section\">\n\t\t\t\t\t\t<div class=\"elementor-container elementor-column-gap-default\">\n\t\t\t\t\t<div class=\"elementor-column elementor-col-100 elementor-top-column elementor-element elementor-element-eda80d5\" data-id=\"eda80d5\" data-element_type=\"column\" data-e-type=\"column\">\n\t\t\t<div class=\"elementor-widget-wrap elementor-element-populated\">\n\t\t\t\t\t\t<div class=\"elementor-element elementor-element-4768928 elementor-widget elementor-widget-text-editor\" data-id=\"4768928\" data-element_type=\"widget\" data-e-type=\"widget\" data-widget_type=\"text-editor.default\">\n\t\t\t\t\t\t\t\t\t<p style=\"text-align: center;\"><strong>Kursleiter\/Innen<\/strong> bekommen Ausk\u00fcnfte \u00fcber <strong>freie Wochen<\/strong> (immer Sonntag zu Sonntag!) direkt von uns unter: <strong><u><a href=\"mailto:wilfried@morisco.de\">wilfried@morisco.de<\/a><\/u><\/strong><\/p><p style=\"text-align: center;\">Mit einem <strong>Klick<\/strong> auf den Seminartitel kannst du die Kurs-Inhalte einsehen, wenn du an einem der angebotenen Kurse teilnehmen m\u00f6chtest.<\/p><p style=\"text-align: center;\">Dein Zimmer im <strong>freien Yogawohlf\u00fchlprogramm<\/strong> buchst du hier: <strong><a href=\"mailto:casa@morisco.de\">casa@morisco.de<\/a><\/strong><\/p>\t\t\t\t\t\t\t\t<\/div>\n\t\t\t\t\t<\/div>\n\t\t<\/div>\n\t\t\t\t\t<\/div>\n\t\t<\/section>\n\t\t\t\t<section class=\"elementor-section elementor-top-section elementor-element elementor-element-508f064 elementor-section-boxed elementor-section-height-default elementor-section-height-default\" data-id=\"508f064\" data-element_type=\"section\" data-e-type=\"section\">\n\t\t\t\t\t\t<div class=\"elementor-container elementor-column-gap-default\">\n\t\t\t\t\t<div class=\"elementor-column elementor-col-100 elementor-top-column elementor-element elementor-element-b65482a\" data-id=\"b65482a\" data-element_type=\"column\" data-e-type=\"column\">\n\t\t\t<div class=\"elementor-widget-wrap elementor-element-populated\">\n\t\t\t\t\t\t<div class=\"elementor-element elementor-element-69d7529 elementor-widget-divider--view-line elementor-widget elementor-widget-divider\" data-id=\"69d7529\" data-element_type=\"widget\" data-e-type=\"widget\" data-widget_type=\"divider.default\">\n\t\t\t\t\t\t\t<div class=\"elementor-divider\">\n\t\t\t<span class=\"elementor-divider-separator\">\n\t\t\t\t\t\t<\/span>\n\t\t<\/div>\n\t\t\t\t\t\t<\/div>\n\t\t\t\t\t<\/div>\n\t\t<\/div>\n\t\t\t\t\t<\/div>\n\t\t<\/section>\n\t\t\t\t<section class=\"elementor-section elementor-top-section elementor-element elementor-element-abfa5ba elementor-section-boxed elementor-section-height-default elementor-section-height-default\" data-id=\"abfa5ba\" data-element_type=\"section\" data-e-type=\"section\">\n\t\t\t\t\t\t<div class=\"elementor-container elementor-column-gap-default\">\n\t\t\t\t\t<div class=\"elementor-column elementor-col-50 elementor-top-column elementor-element elementor-element-a3f28a1\" data-id=\"a3f28a1\" data-element_type=\"column\" data-e-type=\"column\">\n\t\t\t<div class=\"elementor-widget-wrap elementor-element-populated\">\n\t\t\t\t\t\t<div class=\"elementor-element elementor-element-9a56732 elementor-widget elementor-widget-text-editor\" data-id=\"9a56732\" data-element_type=\"widget\" data-e-type=\"widget\" data-widget_type=\"text-editor.default\">\n\t\t\t\t\t\t\t\t\t<p style=\"text-align: center;\">11.1. bis 18.1.<\/p>\t\t\t\t\t\t\t\t<\/div>\n\t\t\t\t\t<\/div>\n\t\t<\/div>\n\t\t\t\t<div class=\"elementor-column elementor-col-50 elementor-top-column elementor-element elementor-element-50cae6d\" data-id=\"50cae6d\" data-element_type=\"column\" data-e-type=\"column\">\n\t\t\t<div class=\"elementor-widget-wrap elementor-element-populated\">\n\t\t\t\t\t\t<div class=\"elementor-element elementor-element-92b6ead elementor-widget elementor-widget-text-editor\" data-id=\"92b6ead\" data-element_type=\"widget\" data-e-type=\"widget\" data-widget_type=\"text-editor.default\">\n\t\t\t\t\t\t\t\t\t<p><a style=\"font-family: inherit; letter-spacing: var( --e-global-typography-primary-letter-spacing ); word-spacing: var( --e-global-typography-primary-word-spacing );\" href=\"https:\/\/fincaelmorisco.com\/?p=14869\">Yoga und Trommeln<\/a><span style=\"font-size: 18px; letter-spacing: var( --e-global-typography-primary-letter-spacing ); word-spacing: var( --e-global-typography-primary-word-spacing );\">\u00a0mit Claudia Rauer<\/span><\/p>\t\t\t\t\t\t\t\t<\/div>\n\t\t\t\t\t<\/div>\n\t\t<\/div>\n\t\t\t\t\t<\/div>\n\t\t<\/section>\n\t\t\t\t<section class=\"elementor-section elementor-top-section elementor-element elementor-element-5cdd781 elementor-section-boxed elementor-section-height-default elementor-section-height-default\" data-id=\"5cdd781\" data-element_type=\"section\" data-e-type=\"section\">\n\t\t\t\t\t\t<div class=\"elementor-container elementor-column-gap-default\">\n\t\t\t\t\t<div class=\"elementor-column elementor-col-50 elementor-top-column elementor-element elementor-element-5cb5650\" data-id=\"5cb5650\" data-element_type=\"column\" data-e-type=\"column\">\n\t\t\t<div class=\"elementor-widget-wrap elementor-element-populated\">\n\t\t\t\t\t\t<div class=\"elementor-element elementor-element-ba9e9d7 elementor-widget elementor-widget-text-editor\" data-id=\"ba9e9d7\" data-element_type=\"widget\" data-e-type=\"widget\" data-widget_type=\"text-editor.default\">\n\t\t\t\t\t\t\t\t\t<p style=\"text-align: center;\">18.1. bis 25.1.<\/p>\t\t\t\t\t\t\t\t<\/div>\n\t\t\t\t\t<\/div>\n\t\t<\/div>\n\t\t\t\t<div class=\"elementor-column elementor-col-50 elementor-top-column elementor-element elementor-element-0b7ae1d\" data-id=\"0b7ae1d\" data-element_type=\"column\" data-e-type=\"column\">\n\t\t\t<div class=\"elementor-widget-wrap elementor-element-populated\">\n\t\t\t\t\t\t<div class=\"elementor-element elementor-element-1827455 elementor-widget elementor-widget-text-editor\" data-id=\"1827455\" data-element_type=\"widget\" data-e-type=\"widget\" data-widget_type=\"text-editor.default\">\n\t\t\t\t\t\t\t\t\t<p class=\"elementor-heading-title elementor-size-default\"><a href=\"https:\/\/fincaelmorisco.com\/?p=14988\">Gr\u00fcne Oase \u2013 Stresspr\u00e4vention und mehr St\u00e4rke f\u00fcr K\u00f6rper und Psyche im herausfordernden (Berufs-)Alltag mit Achtsamkeit in der Natur und Yoga<\/a> mit dem geschulten Team der Deutschen Akademie f\u00fcr Waldbaden &amp; Gesundheit<\/p><p><a href=\"https:\/\/fincaelmorisco.com\/?p=15036\">Stresspr\u00e4vention und Pers\u00f6nlichkeitsentwicklung<\/a> mit dem geschulten Team der Deutschen Akademie f\u00fcr Waldbaden &amp; Gesundheit<\/p>\t\t\t\t\t\t\t\t<\/div>\n\t\t\t\t\t<\/div>\n\t\t<\/div>\n\t\t\t\t\t<\/div>\n\t\t<\/section>\n\t\t\t\t<section class=\"elementor-section elementor-top-section elementor-element elementor-element-e835154 elementor-section-boxed elementor-section-height-default elementor-section-height-default\" data-id=\"e835154\" data-element_type=\"section\" data-e-type=\"section\">\n\t\t\t\t\t\t<div class=\"elementor-container elementor-column-gap-default\">\n\t\t\t\t\t<div class=\"elementor-column elementor-col-50 elementor-top-column elementor-element elementor-element-e06ed6c\" data-id=\"e06ed6c\" data-element_type=\"column\" data-e-type=\"column\">\n\t\t\t<div class=\"elementor-widget-wrap elementor-element-populated\">\n\t\t\t\t\t\t<div class=\"elementor-element elementor-element-c29c199 elementor-widget elementor-widget-text-editor\" data-id=\"c29c199\" data-element_type=\"widget\" data-e-type=\"widget\" data-widget_type=\"text-editor.default\">\n\t\t\t\t\t\t\t\t\t<p style=\"text-align: center;\">8.3. bis 15.3.<\/p>\t\t\t\t\t\t\t\t<\/div>\n\t\t\t\t\t<\/div>\n\t\t<\/div>\n\t\t\t\t<div class=\"elementor-column elementor-col-50 elementor-top-column elementor-element elementor-element-1717846\" data-id=\"1717846\" data-element_type=\"column\" data-e-type=\"column\">\n\t\t\t<div class=\"elementor-widget-wrap elementor-element-populated\">\n\t\t\t\t\t\t<div class=\"elementor-element elementor-element-f9734c5 elementor-widget elementor-widget-text-editor\" data-id=\"f9734c5\" data-element_type=\"widget\" data-e-type=\"widget\" data-widget_type=\"text-editor.default\">\n\t\t\t\t\t\t\t\t\t<p><a href=\"https:\/\/fincaelmorisco.com\/?p=15568\">Eine Woche f\u00fcr K\u00f6rper &amp; Seele in der Sonne Andalusiens<\/a> mit Gabriele Wels &amp; Jasmin Scepanik<\/p>\t\t\t\t\t\t\t\t<\/div>\n\t\t\t\t\t<\/div>\n\t\t<\/div>\n\t\t\t\t\t<\/div>\n\t\t<\/section>\n\t\t\t\t<section class=\"elementor-section elementor-top-section elementor-element elementor-element-91a54b8 elementor-section-boxed elementor-section-height-default elementor-section-height-default\" data-id=\"91a54b8\" data-element_type=\"section\" data-e-type=\"section\">\n\t\t\t\t\t\t<div class=\"elementor-container elementor-column-gap-default\">\n\t\t\t\t\t<div class=\"elementor-column elementor-col-50 elementor-top-column elementor-element elementor-element-927049f\" data-id=\"927049f\" data-element_type=\"column\" data-e-type=\"column\">\n\t\t\t<div class=\"elementor-widget-wrap elementor-element-populated\">\n\t\t\t\t\t\t<div class=\"elementor-element elementor-element-d349c9a elementor-widget elementor-widget-text-editor\" data-id=\"d349c9a\" data-element_type=\"widget\" data-e-type=\"widget\" data-widget_type=\"text-editor.default\">\n\t\t\t\t\t\t\t\t\t<p style=\"text-align: center;\">22.3. bis 29.3.<\/p>\t\t\t\t\t\t\t\t<\/div>\n\t\t\t\t\t<\/div>\n\t\t<\/div>\n\t\t\t\t<div class=\"elementor-column elementor-col-50 elementor-top-column elementor-element elementor-element-eb737f5\" data-id=\"eb737f5\" data-element_type=\"column\" data-e-type=\"column\">\n\t\t\t<div class=\"elementor-widget-wrap elementor-element-populated\">\n\t\t\t\t\t\t<div class=\"elementor-element elementor-element-3d7aa40 elementor-widget elementor-widget-text-editor\" data-id=\"3d7aa40\" data-element_type=\"widget\" data-e-type=\"widget\" data-widget_type=\"text-editor.default\">\n\t\t\t\t\t\t\t\t\t<p><a href=\"https:\/\/fincaelmorisco.com\/?p=14910\">Medialit\u00e4t &amp; Yoga \u2013 Eine Woche der tiefen inneren Verbindung<\/a> mit KANYA &amp; Kiki<\/p>\t\t\t\t\t\t\t\t<\/div>\n\t\t\t\t\t<\/div>\n\t\t<\/div>\n\t\t\t\t\t<\/div>\n\t\t<\/section>\n\t\t\t\t<section class=\"elementor-section elementor-top-section elementor-element elementor-element-c5d9971 elementor-section-boxed elementor-section-height-default elementor-section-height-default\" data-id=\"c5d9971\" data-element_type=\"section\" data-e-type=\"section\">\n\t\t\t\t\t\t<div class=\"elementor-container elementor-column-gap-default\">\n\t\t\t\t\t<div class=\"elementor-column elementor-col-50 elementor-top-column elementor-element elementor-element-3af156c\" data-id=\"3af156c\" data-element_type=\"column\" data-e-type=\"column\">\n\t\t\t<div class=\"elementor-widget-wrap elementor-element-populated\">\n\t\t\t\t\t\t<div class=\"elementor-element elementor-element-a6473eb elementor-widget elementor-widget-text-editor\" data-id=\"a6473eb\" data-element_type=\"widget\" data-e-type=\"widget\" data-widget_type=\"text-editor.default\">\n\t\t\t\t\t\t\t\t\t<p style=\"text-align: center;\">29.3. bis 5.4.<\/p>\t\t\t\t\t\t\t\t<\/div>\n\t\t\t\t\t<\/div>\n\t\t<\/div>\n\t\t\t\t<div class=\"elementor-column elementor-col-50 elementor-top-column elementor-element elementor-element-aa26786\" data-id=\"aa26786\" data-element_type=\"column\" data-e-type=\"column\">\n\t\t\t<div class=\"elementor-widget-wrap elementor-element-populated\">\n\t\t\t\t\t\t<div class=\"elementor-element elementor-element-1ec8202 elementor-widget elementor-widget-text-editor\" data-id=\"1ec8202\" data-element_type=\"widget\" data-e-type=\"widget\" data-widget_type=\"text-editor.default\">\n\t\t\t\t\t\t\t\t\t<p><a href=\"https:\/\/fincaelmorisco.com\/?p=15294\"><strong>Improvisationstheater: Kopf aus &#8211; Flo<\/strong><b>w an<\/b><\/a> mit Graciette Justo<\/p>\t\t\t\t\t\t\t\t<\/div>\n\t\t\t\t\t<\/div>\n\t\t<\/div>\n\t\t\t\t\t<\/div>\n\t\t<\/section>\n\t\t\t\t<section class=\"elementor-section elementor-top-section elementor-element elementor-element-f19743f elementor-section-boxed elementor-section-height-default elementor-section-height-default\" data-id=\"f19743f\" data-element_type=\"section\" data-e-type=\"section\">\n\t\t\t\t\t\t<div class=\"elementor-container elementor-column-gap-default\">\n\t\t\t\t\t<div class=\"elementor-column elementor-col-50 elementor-top-column elementor-element elementor-element-5de5858\" data-id=\"5de5858\" data-element_type=\"column\" data-e-type=\"column\">\n\t\t\t<div class=\"elementor-widget-wrap elementor-element-populated\">\n\t\t\t\t\t\t<div class=\"elementor-element elementor-element-4c437dc elementor-widget elementor-widget-text-editor\" data-id=\"4c437dc\" data-element_type=\"widget\" data-e-type=\"widget\" data-widget_type=\"text-editor.default\">\n\t\t\t\t\t\t\t\t\t<p style=\"text-align: center;\">26.4. bis 3.5.<\/p>\t\t\t\t\t\t\t\t<\/div>\n\t\t\t\t\t<\/div>\n\t\t<\/div>\n\t\t\t\t<div class=\"elementor-column elementor-col-50 elementor-top-column elementor-element elementor-element-5fac9c9\" data-id=\"5fac9c9\" data-element_type=\"column\" data-e-type=\"column\">\n\t\t\t<div class=\"elementor-widget-wrap elementor-element-populated\">\n\t\t\t\t\t\t<div class=\"elementor-element elementor-element-c930d5b elementor-widget elementor-widget-text-editor\" data-id=\"c930d5b\" data-element_type=\"widget\" data-e-type=\"widget\" data-widget_type=\"text-editor.default\">\n\t\t\t\t\t\t\t\t\t<p><a href=\"https:\/\/fincaelmorisco.com\/?p=14645\">Der Mensch in seinen Elementen\u2026<\/a> mit Manfred Maier<\/p>\t\t\t\t\t\t\t\t<\/div>\n\t\t\t\t\t<\/div>\n\t\t<\/div>\n\t\t\t\t\t<\/div>\n\t\t<\/section>\n\t\t\t\t<section class=\"elementor-section elementor-top-section elementor-element elementor-element-cdbdb5a elementor-section-boxed elementor-section-height-default elementor-section-height-default\" data-id=\"cdbdb5a\" data-element_type=\"section\" data-e-type=\"section\">\n\t\t\t\t\t\t<div class=\"elementor-container elementor-column-gap-default\">\n\t\t\t\t\t<div class=\"elementor-column elementor-col-50 elementor-top-column elementor-element elementor-element-7e070cd\" data-id=\"7e070cd\" data-element_type=\"column\" data-e-type=\"column\">\n\t\t\t<div class=\"elementor-widget-wrap elementor-element-populated\">\n\t\t\t\t\t\t<div class=\"elementor-element elementor-element-ca4302f elementor-widget elementor-widget-text-editor\" data-id=\"ca4302f\" data-element_type=\"widget\" data-e-type=\"widget\" data-widget_type=\"text-editor.default\">\n\t\t\t\t\t\t\t\t\t<p style=\"text-align: center;\">24.5. bis 31.5.<\/p>\t\t\t\t\t\t\t\t<\/div>\n\t\t\t\t\t<\/div>\n\t\t<\/div>\n\t\t\t\t<div class=\"elementor-column elementor-col-50 elementor-top-column elementor-element elementor-element-d5da7ac\" data-id=\"d5da7ac\" data-element_type=\"column\" data-e-type=\"column\">\n\t\t\t<div class=\"elementor-widget-wrap elementor-element-populated\">\n\t\t\t\t\t\t<div class=\"elementor-element elementor-element-01d7771 elementor-widget elementor-widget-text-editor\" data-id=\"01d7771\" data-element_type=\"widget\" data-e-type=\"widget\" data-widget_type=\"text-editor.default\">\n\t\t\t\t\t\t\t\t\t<p><a href=\"https:\/\/fincaelmorisco.com\/?p=15127\">YOGA F\u00dcR DICH &#8211; Intensivferien: Einatmen \u2013 Ausatmen &#8211; L\u00e4cheln<\/a> mit Martina Waibel<\/p>\t\t\t\t\t\t\t\t<\/div>\n\t\t\t\t\t<\/div>\n\t\t<\/div>\n\t\t\t\t\t<\/div>\n\t\t<\/section>\n\t\t\t\t<section class=\"elementor-section elementor-top-section elementor-element elementor-element-79b9ed1 elementor-section-boxed elementor-section-height-default elementor-section-height-default\" data-id=\"79b9ed1\" data-element_type=\"section\" data-e-type=\"section\">\n\t\t\t\t\t\t<div class=\"elementor-container elementor-column-gap-default\">\n\t\t\t\t\t<div class=\"elementor-column elementor-col-50 elementor-top-column elementor-element elementor-element-ebf4e0c\" data-id=\"ebf4e0c\" data-element_type=\"column\" data-e-type=\"column\">\n\t\t\t<div class=\"elementor-widget-wrap elementor-element-populated\">\n\t\t\t\t\t\t<div class=\"elementor-element elementor-element-189f011 elementor-widget elementor-widget-text-editor\" data-id=\"189f011\" data-element_type=\"widget\" data-e-type=\"widget\" data-widget_type=\"text-editor.default\">\n\t\t\t\t\t\t\t\t\t<p style=\"text-align: center;\">31.5. bis 7.6.<\/p>\t\t\t\t\t\t\t\t<\/div>\n\t\t\t\t\t<\/div>\n\t\t<\/div>\n\t\t\t\t<div class=\"elementor-column elementor-col-50 elementor-top-column elementor-element elementor-element-7fce411\" data-id=\"7fce411\" data-element_type=\"column\" data-e-type=\"column\">\n\t\t\t<div class=\"elementor-widget-wrap elementor-element-populated\">\n\t\t\t\t\t\t<div class=\"elementor-element elementor-element-8f7d09d elementor-widget elementor-widget-text-editor\" data-id=\"8f7d09d\" data-element_type=\"widget\" data-e-type=\"widget\" data-widget_type=\"text-editor.default\">\n\t\t\t\t\t\t\t\t\t<p><a href=\"https:\/\/fincaelmorisco.com\/?p=15127\">YOGA F\u00dcR DICH &#8211; Intensivferien: Einatmen \u2013 Ausatmen &#8211; L\u00e4cheln<\/a> mit Martina Waibel<\/p>\t\t\t\t\t\t\t\t<\/div>\n\t\t\t\t\t<\/div>\n\t\t<\/div>\n\t\t\t\t\t<\/div>\n\t\t<\/section>\n\t\t\t\t<section class=\"elementor-section elementor-top-section elementor-element elementor-element-83ecc99 elementor-section-boxed elementor-section-height-default elementor-section-height-default\" data-id=\"83ecc99\" data-element_type=\"section\" data-e-type=\"section\">\n\t\t\t\t\t\t<div class=\"elementor-container elementor-column-gap-default\">\n\t\t\t\t\t<div class=\"elementor-column elementor-col-50 elementor-top-column elementor-element elementor-element-e7e55aa\" data-id=\"e7e55aa\" data-element_type=\"column\" data-e-type=\"column\">\n\t\t\t<div class=\"elementor-widget-wrap elementor-element-populated\">\n\t\t\t\t\t\t<div class=\"elementor-element elementor-element-f3f7ab2 elementor-widget elementor-widget-text-editor\" data-id=\"f3f7ab2\" data-element_type=\"widget\" data-e-type=\"widget\" data-widget_type=\"text-editor.default\">\n\t\t\t\t\t\t\t\t\t<p style=\"text-align: center;\">14.6. bis 21.6.<\/p>\t\t\t\t\t\t\t\t<\/div>\n\t\t\t\t\t<\/div>\n\t\t<\/div>\n\t\t\t\t<div class=\"elementor-column elementor-col-50 elementor-top-column elementor-element elementor-element-3f7fd65\" data-id=\"3f7fd65\" data-element_type=\"column\" data-e-type=\"column\">\n\t\t\t<div class=\"elementor-widget-wrap elementor-element-populated\">\n\t\t\t\t\t\t<div class=\"elementor-element elementor-element-88860a8 elementor-widget elementor-widget-text-editor\" data-id=\"88860a8\" data-element_type=\"widget\" data-e-type=\"widget\" data-widget_type=\"text-editor.default\">\n\t\t\t\t\t\t\t\t\t<p><a href=\"https:\/\/fincaelmorisco.com\/?p=15399\" target=\"_blank\" rel=\"noopener\">K\u00f6rpertherapie, Energiearbeit &amp; Intuition |<span style=\"font-family: arial, helvetica, sans-serif;\"> Eine transformierende Ausbildungswoche<\/span><\/a> mit Sansara &amp; Sadhu Eden<\/p>\t\t\t\t\t\t\t\t<\/div>\n\t\t\t\t\t<\/div>\n\t\t<\/div>\n\t\t\t\t\t<\/div>\n\t\t<\/section>\n\t\t\t\t<section class=\"elementor-section elementor-top-section elementor-element elementor-element-dc24a9b elementor-section-boxed elementor-section-height-default elementor-section-height-default\" data-id=\"dc24a9b\" data-element_type=\"section\" data-e-type=\"section\">\n\t\t\t\t\t\t<div class=\"elementor-container elementor-column-gap-default\">\n\t\t\t\t\t<div class=\"elementor-column elementor-col-50 elementor-top-column elementor-element elementor-element-004c2d8\" data-id=\"004c2d8\" data-element_type=\"column\" data-e-type=\"column\">\n\t\t\t<div class=\"elementor-widget-wrap elementor-element-populated\">\n\t\t\t\t\t\t<div class=\"elementor-element elementor-element-66c5ab7 elementor-widget elementor-widget-text-editor\" data-id=\"66c5ab7\" data-element_type=\"widget\" data-e-type=\"widget\" data-widget_type=\"text-editor.default\">\n\t\t\t\t\t\t\t\t\t<p style=\"text-align: center;\">5.7. bis 12.7.<\/p>\t\t\t\t\t\t\t\t<\/div>\n\t\t\t\t\t<\/div>\n\t\t<\/div>\n\t\t\t\t<div class=\"elementor-column elementor-col-50 elementor-top-column elementor-element elementor-element-3fe67cb\" data-id=\"3fe67cb\" data-element_type=\"column\" data-e-type=\"column\">\n\t\t\t<div class=\"elementor-widget-wrap elementor-element-populated\">\n\t\t\t\t\t\t<div class=\"elementor-element elementor-element-3f4daac elementor-widget elementor-widget-text-editor\" data-id=\"3f4daac\" data-element_type=\"widget\" data-e-type=\"widget\" data-widget_type=\"text-editor.default\">\n\t\t\t\t\t\t\t\t\t<p><a href=\"https:\/\/fincaelmorisco.com\/?p=15552\">FEIERN &amp; YOGA | eat &amp; pray &amp; love<\/a> mit Claudia Fohrer\u00a0<\/p>\t\t\t\t\t\t\t\t<\/div>\n\t\t\t\t\t<\/div>\n\t\t<\/div>\n\t\t\t\t\t<\/div>\n\t\t<\/section>\n\t\t\t\t<section class=\"elementor-section elementor-top-section elementor-element elementor-element-32ba706 elementor-section-boxed elementor-section-height-default elementor-section-height-default\" data-id=\"32ba706\" data-element_type=\"section\" data-e-type=\"section\">\n\t\t\t\t\t\t<div class=\"elementor-container elementor-column-gap-default\">\n\t\t\t\t\t<div class=\"elementor-column elementor-col-50 elementor-top-column elementor-element elementor-element-5a02ed2\" data-id=\"5a02ed2\" data-element_type=\"column\" data-e-type=\"column\">\n\t\t\t<div class=\"elementor-widget-wrap elementor-element-populated\">\n\t\t\t\t\t\t<div class=\"elementor-element elementor-element-e95bf30 elementor-widget elementor-widget-text-editor\" data-id=\"e95bf30\" data-element_type=\"widget\" data-e-type=\"widget\" data-widget_type=\"text-editor.default\">\n\t\t\t\t\t\t\t\t\t<p style=\"text-align: center;\">26.7. bis 2.8.<\/p>\t\t\t\t\t\t\t\t<\/div>\n\t\t\t\t\t<\/div>\n\t\t<\/div>\n\t\t\t\t<div class=\"elementor-column elementor-col-50 elementor-top-column elementor-element elementor-element-cb370ef\" data-id=\"cb370ef\" data-element_type=\"column\" data-e-type=\"column\">\n\t\t\t<div class=\"elementor-widget-wrap elementor-element-populated\">\n\t\t\t\t\t\t<div class=\"elementor-element elementor-element-e36da38 elementor-widget elementor-widget-text-editor\" data-id=\"e36da38\" data-element_type=\"widget\" data-e-type=\"widget\" data-widget_type=\"text-editor.default\">\n\t\t\t\t\t\t\t\t\t<p class=\"elementor-heading-title elementor-size-default\"><a href=\"https:\/\/fincaelmorisco.com\/?p=14988\">Gr\u00fcne Oase \u2013 Stresspr\u00e4vention und mehr St\u00e4rke f\u00fcr K\u00f6rper und Psyche im herausfordernden (Berufs-)Alltag mit Achtsamkeit in der Natur und Yoga<\/a> mit dem geschulten Team der Deutschen Akademie f\u00fcr Waldbaden &amp; Gesundheit<\/p><p><a href=\"https:\/\/fincaelmorisco.com\/?p=15036\">Stresspr\u00e4vention und Pers\u00f6nlichkeitsentwicklung<\/a> mit dem geschulten Team der Deutschen Akademie f\u00fcr Waldbaden &amp; Gesundheit<\/p>\t\t\t\t\t\t\t\t<\/div>\n\t\t\t\t\t<\/div>\n\t\t<\/div>\n\t\t\t\t\t<\/div>\n\t\t<\/section>\n\t\t\t\t<section class=\"elementor-section elementor-top-section elementor-element elementor-element-8f1cee8 elementor-section-boxed elementor-section-height-default elementor-section-height-default\" data-id=\"8f1cee8\" data-element_type=\"section\" data-e-type=\"section\">\n\t\t\t\t\t\t<div class=\"elementor-container elementor-column-gap-default\">\n\t\t\t\t\t<div class=\"elementor-column elementor-col-50 elementor-top-column elementor-element elementor-element-6e48ae1\" data-id=\"6e48ae1\" data-element_type=\"column\" data-e-type=\"column\">\n\t\t\t<div class=\"elementor-widget-wrap elementor-element-populated\">\n\t\t\t\t\t\t<div class=\"elementor-element elementor-element-16b607e elementor-widget elementor-widget-text-editor\" data-id=\"16b607e\" data-element_type=\"widget\" data-e-type=\"widget\" data-widget_type=\"text-editor.default\">\n\t\t\t\t\t\t\t\t\t<p style=\"text-align: center;\">23.8. bis 30.8.<\/p>\t\t\t\t\t\t\t\t<\/div>\n\t\t\t\t\t<\/div>\n\t\t<\/div>\n\t\t\t\t<div class=\"elementor-column elementor-col-50 elementor-top-column elementor-element elementor-element-b7ebc99\" data-id=\"b7ebc99\" data-element_type=\"column\" data-e-type=\"column\">\n\t\t\t<div class=\"elementor-widget-wrap elementor-element-populated\">\n\t\t\t\t\t\t<div class=\"elementor-element elementor-element-f00bf0a elementor-widget elementor-widget-text-editor\" data-id=\"f00bf0a\" data-element_type=\"widget\" data-e-type=\"widget\" data-widget_type=\"text-editor.default\">\n\t\t\t\t\t\t\t\t\t<p><a href=\"https:\/\/fincaelmorisco.com\/?p=15495\">Dein K\u00f6rper &amp; deine emotionale Sicherheit<\/a> mit Corinna R\u00fcttiger &amp; Andrea Berger<\/p>\t\t\t\t\t\t\t\t<\/div>\n\t\t\t\t\t<\/div>\n\t\t<\/div>\n\t\t\t\t\t<\/div>\n\t\t<\/section>\n\t\t\t\t<section class=\"elementor-section elementor-top-section elementor-element elementor-element-6639711 elementor-section-boxed elementor-section-height-default elementor-section-height-default\" data-id=\"6639711\" data-element_type=\"section\" data-e-type=\"section\">\n\t\t\t\t\t\t<div class=\"elementor-container elementor-column-gap-default\">\n\t\t\t\t\t<div class=\"elementor-column elementor-col-50 elementor-top-column elementor-element elementor-element-f5407ec\" data-id=\"f5407ec\" data-element_type=\"column\" data-e-type=\"column\">\n\t\t\t<div class=\"elementor-widget-wrap elementor-element-populated\">\n\t\t\t\t\t\t<div class=\"elementor-element elementor-element-d5aefe8 elementor-widget elementor-widget-text-editor\" data-id=\"d5aefe8\" data-element_type=\"widget\" data-e-type=\"widget\" data-widget_type=\"text-editor.default\">\n\t\t\t\t\t\t\t\t\t<p style=\"text-align: center;\">6.9. bis 13.9.<\/p>\t\t\t\t\t\t\t\t<\/div>\n\t\t\t\t\t<\/div>\n\t\t<\/div>\n\t\t\t\t<div class=\"elementor-column elementor-col-50 elementor-top-column elementor-element elementor-element-a30ac70\" data-id=\"a30ac70\" data-element_type=\"column\" data-e-type=\"column\">\n\t\t\t<div class=\"elementor-widget-wrap elementor-element-populated\">\n\t\t\t\t\t\t<div class=\"elementor-element elementor-element-820e49e elementor-widget elementor-widget-text-editor\" data-id=\"820e49e\" data-element_type=\"widget\" data-e-type=\"widget\" data-widget_type=\"text-editor.default\">\n\t\t\t\t\t\t\t\t\t<div data-id=\"faef980\" data-element_type=\"widget\" data-widget_type=\"heading.default\"><p><a href=\"https:\/\/fincaelmorisco.com\/?p=15363\">Yoga Retreat<\/a> mit Ilse Promnitz<\/p><\/div>\t\t\t\t\t\t\t\t<\/div>\n\t\t\t\t\t<\/div>\n\t\t<\/div>\n\t\t\t\t\t<\/div>\n\t\t<\/section>\n\t\t\t\t<section class=\"elementor-section elementor-top-section elementor-element elementor-element-20f5fe2 elementor-section-boxed elementor-section-height-default elementor-section-height-default\" data-id=\"20f5fe2\" data-element_type=\"section\" data-e-type=\"section\">\n\t\t\t\t\t\t<div class=\"elementor-container elementor-column-gap-default\">\n\t\t\t\t\t<div class=\"elementor-column elementor-col-50 elementor-top-column elementor-element elementor-element-401acc3\" data-id=\"401acc3\" data-element_type=\"column\" data-e-type=\"column\">\n\t\t\t<div class=\"elementor-widget-wrap elementor-element-populated\">\n\t\t\t\t\t\t<div class=\"elementor-element elementor-element-4c65785 elementor-widget elementor-widget-text-editor\" data-id=\"4c65785\" data-element_type=\"widget\" data-e-type=\"widget\" data-widget_type=\"text-editor.default\">\n\t\t\t\t\t\t\t\t\t<p style=\"text-align: center;\">13.9. bis 20.9.<\/p>\t\t\t\t\t\t\t\t<\/div>\n\t\t\t\t\t<\/div>\n\t\t<\/div>\n\t\t\t\t<div class=\"elementor-column elementor-col-50 elementor-top-column elementor-element elementor-element-04ba341\" data-id=\"04ba341\" data-element_type=\"column\" data-e-type=\"column\">\n\t\t\t<div class=\"elementor-widget-wrap elementor-element-populated\">\n\t\t\t\t\t\t<div class=\"elementor-element elementor-element-e60d9b5 elementor-widget elementor-widget-text-editor\" data-id=\"e60d9b5\" data-element_type=\"widget\" data-e-type=\"widget\" data-widget_type=\"text-editor.default\">\n\t\t\t\t\t\t\t\t\t<p><a href=\"https:\/\/fincaelmorisco.com\/?p=14910\">Medialit\u00e4t &amp; Yoga \u2013 Eine Woche der tiefen inneren Verbindung<\/a> mit KANYA &amp; Kiki<\/p>\t\t\t\t\t\t\t\t<\/div>\n\t\t\t\t\t<\/div>\n\t\t<\/div>\n\t\t\t\t\t<\/div>\n\t\t<\/section>\n\t\t\t\t<section class=\"elementor-section elementor-top-section elementor-element elementor-element-94cb6f9 elementor-section-boxed elementor-section-height-default elementor-section-height-default\" data-id=\"94cb6f9\" data-element_type=\"section\" data-e-type=\"section\">\n\t\t\t\t\t\t<div class=\"elementor-container elementor-column-gap-default\">\n\t\t\t\t\t<div class=\"elementor-column elementor-col-50 elementor-top-column elementor-element elementor-element-2f9c0cd\" data-id=\"2f9c0cd\" data-element_type=\"column\" data-e-type=\"column\">\n\t\t\t<div class=\"elementor-widget-wrap elementor-element-populated\">\n\t\t\t\t\t\t<div class=\"elementor-element elementor-element-52a74fd elementor-widget elementor-widget-text-editor\" data-id=\"52a74fd\" data-element_type=\"widget\" data-e-type=\"widget\" data-widget_type=\"text-editor.default\">\n\t\t\t\t\t\t\t\t\t<p style=\"text-align: center;\">27.9. bis 4.10.<\/p>\t\t\t\t\t\t\t\t<\/div>\n\t\t\t\t\t<\/div>\n\t\t<\/div>\n\t\t\t\t<div class=\"elementor-column elementor-col-50 elementor-top-column elementor-element elementor-element-f432991\" data-id=\"f432991\" data-element_type=\"column\" data-e-type=\"column\">\n\t\t\t<div class=\"elementor-widget-wrap elementor-element-populated\">\n\t\t\t\t\t\t<div class=\"elementor-element elementor-element-f87baeb elementor-widget elementor-widget-text-editor\" data-id=\"f87baeb\" data-element_type=\"widget\" data-e-type=\"widget\" data-widget_type=\"text-editor.default\">\n\t\t\t\t\t\t\t\t\t<p><a href=\"https:\/\/fincaelmorisco.com\/?p=15127\">YOGA F\u00dcR DICH &#8211; Intensivferien: Einatmen \u2013 Ausatmen &#8211; L\u00e4cheln<\/a> mit Martina Waibel<\/p>\t\t\t\t\t\t\t\t<\/div>\n\t\t\t\t\t<\/div>\n\t\t<\/div>\n\t\t\t\t\t<\/div>\n\t\t<\/section>\n\t\t\t\t<section class=\"elementor-section elementor-top-section elementor-element elementor-element-4cc104b elementor-section-boxed elementor-section-height-default elementor-section-height-default\" data-id=\"4cc104b\" data-element_type=\"section\" data-e-type=\"section\">\n\t\t\t\t\t\t<div class=\"elementor-container elementor-column-gap-default\">\n\t\t\t\t\t<div class=\"elementor-column elementor-col-50 elementor-top-column elementor-element elementor-element-8bbca89\" data-id=\"8bbca89\" data-element_type=\"column\" data-e-type=\"column\">\n\t\t\t<div class=\"elementor-widget-wrap elementor-element-populated\">\n\t\t\t\t\t\t<div class=\"elementor-element elementor-element-96b36ea elementor-widget elementor-widget-text-editor\" data-id=\"96b36ea\" data-element_type=\"widget\" data-e-type=\"widget\" data-widget_type=\"text-editor.default\">\n\t\t\t\t\t\t\t\t\t<p style=\"text-align: center;\">1.11. bis 8.11.<\/p>\t\t\t\t\t\t\t\t<\/div>\n\t\t\t\t\t<\/div>\n\t\t<\/div>\n\t\t\t\t<div class=\"elementor-column elementor-col-50 elementor-top-column elementor-element elementor-element-72acd6d\" data-id=\"72acd6d\" data-element_type=\"column\" data-e-type=\"column\">\n\t\t\t<div class=\"elementor-widget-wrap elementor-element-populated\">\n\t\t\t\t\t\t<div class=\"elementor-element elementor-element-e651b40 elementor-widget elementor-widget-text-editor\" data-id=\"e651b40\" data-element_type=\"widget\" data-e-type=\"widget\" data-widget_type=\"text-editor.default\">\n\t\t\t\t\t\t\t\t\t<p><a href=\"https:\/\/fincaelmorisco.com\/?p=14645\">Der Mensch in seinen Elementen\u2026<\/a> mit Manfred Maier<\/p>\t\t\t\t\t\t\t\t<\/div>\n\t\t\t\t\t<\/div>\n\t\t<\/div>\n\t\t\t\t\t<\/div>\n\t\t<\/section>\n\t\t\t\t<section class=\"elementor-section elementor-top-section elementor-element elementor-element-e9cb763 elementor-section-boxed elementor-section-height-default elementor-section-height-default\" data-id=\"e9cb763\" data-element_type=\"section\" data-e-type=\"section\">\n\t\t\t\t\t\t<div class=\"elementor-container elementor-column-gap-default\">\n\t\t\t\t\t<div class=\"elementor-column elementor-col-50 elementor-top-column elementor-element elementor-element-7ddf3f2\" data-id=\"7ddf3f2\" data-element_type=\"column\" data-e-type=\"column\">\n\t\t\t<div class=\"elementor-widget-wrap elementor-element-populated\">\n\t\t\t\t\t\t<div class=\"elementor-element elementor-element-9671240 elementor-widget elementor-widget-text-editor\" data-id=\"9671240\" data-element_type=\"widget\" data-e-type=\"widget\" data-widget_type=\"text-editor.default\">\n\t\t\t\t\t\t\t\t\t<p style=\"text-align: center;\">8.11. bis 15.11.<\/p>\t\t\t\t\t\t\t\t<\/div>\n\t\t\t\t\t<\/div>\n\t\t<\/div>\n\t\t\t\t<div class=\"elementor-column elementor-col-50 elementor-top-column elementor-element elementor-element-2d234d8\" data-id=\"2d234d8\" data-element_type=\"column\" data-e-type=\"column\">\n\t\t\t<div class=\"elementor-widget-wrap elementor-element-populated\">\n\t\t\t\t\t\t<div class=\"elementor-element elementor-element-2e90532 elementor-widget elementor-widget-text-editor\" data-id=\"2e90532\" data-element_type=\"widget\" data-e-type=\"widget\" data-widget_type=\"text-editor.default\">\n\t\t\t\t\t\t\t\t\t<p><a href=\"https:\/\/fincaelmorisco.com\/?p=14585\">Vegetarisches Intervall-Fasten Wandern Yoga<\/a> mit Beate Vollerthun<\/p>\t\t\t\t\t\t\t\t<\/div>\n\t\t\t\t\t<\/div>\n\t\t<\/div>\n\t\t\t\t\t<\/div>\n\t\t<\/section>\n\t\t\t\t<section class=\"elementor-section elementor-top-section elementor-element elementor-element-0c7a63f elementor-section-boxed elementor-section-height-default elementor-section-height-default\" data-id=\"0c7a63f\" data-element_type=\"section\" data-e-type=\"section\">\n\t\t\t\t\t\t<div class=\"elementor-container elementor-column-gap-default\">\n\t\t\t\t\t<div class=\"elementor-column elementor-col-50 elementor-top-column elementor-element elementor-element-a3bc9d7\" data-id=\"a3bc9d7\" data-element_type=\"column\" data-e-type=\"column\">\n\t\t\t<div class=\"elementor-widget-wrap elementor-element-populated\">\n\t\t\t\t\t\t<div class=\"elementor-element elementor-element-e04d769 elementor-widget elementor-widget-text-editor\" data-id=\"e04d769\" data-element_type=\"widget\" data-e-type=\"widget\" data-widget_type=\"text-editor.default\">\n\t\t\t\t\t\t\t\t\t<p style=\"text-align: center;\">15.11. bis 22.11.<\/p>\t\t\t\t\t\t\t\t<\/div>\n\t\t\t\t\t<\/div>\n\t\t<\/div>\n\t\t\t\t<div class=\"elementor-column elementor-col-50 elementor-top-column elementor-element elementor-element-060bda8\" data-id=\"060bda8\" data-element_type=\"column\" data-e-type=\"column\">\n\t\t\t<div class=\"elementor-widget-wrap elementor-element-populated\">\n\t\t\t\t\t\t<div class=\"elementor-element elementor-element-aedce69 elementor-widget elementor-widget-text-editor\" data-id=\"aedce69\" data-element_type=\"widget\" data-e-type=\"widget\" data-widget_type=\"text-editor.default\">\n\t\t\t\t\t\t\t\t\t<p><a href=\"https:\/\/fincaelmorisco.com\/?p=14585\">Vegetarisches Intervall-Fasten Wandern Yoga<\/a> mit Beate Vollerthun<\/p>\t\t\t\t\t\t\t\t<\/div>\n\t\t\t\t\t<\/div>\n\t\t<\/div>\n\t\t\t\t\t<\/div>\n\t\t<\/section>\n\t\t\t\t<section class=\"elementor-section elementor-top-section elementor-element elementor-element-f215f6f elementor-section-boxed elementor-section-height-default elementor-section-height-default\" data-id=\"f215f6f\" data-element_type=\"section\" data-e-type=\"section\">\n\t\t\t\t\t\t<div class=\"elementor-container elementor-column-gap-default\">\n\t\t\t\t\t<div class=\"elementor-column elementor-col-50 elementor-top-column elementor-element elementor-element-e2f3066\" data-id=\"e2f3066\" data-element_type=\"column\" data-e-type=\"column\">\n\t\t\t<div class=\"elementor-widget-wrap elementor-element-populated\">\n\t\t\t\t\t\t<div class=\"elementor-element elementor-element-55e9568 elementor-widget elementor-widget-text-editor\" data-id=\"55e9568\" data-element_type=\"widget\" data-e-type=\"widget\" data-widget_type=\"text-editor.default\">\n\t\t\t\t\t\t\t\t\t<p style=\"text-align: center;\">13.12. bis 20.12.<\/p>\t\t\t\t\t\t\t\t<\/div>\n\t\t\t\t\t<\/div>\n\t\t<\/div>\n\t\t\t\t<div class=\"elementor-column elementor-col-50 elementor-top-column elementor-element elementor-element-e56e70a\" data-id=\"e56e70a\" data-element_type=\"column\" data-e-type=\"column\">\n\t\t\t<div class=\"elementor-widget-wrap elementor-element-populated\">\n\t\t\t\t\t\t<div class=\"elementor-element elementor-element-d07270c elementor-widget elementor-widget-text-editor\" data-id=\"d07270c\" data-element_type=\"widget\" data-e-type=\"widget\" data-widget_type=\"text-editor.default\">\n\t\t\t\t\t\t\t\t\t<p><a href=\"https:\/\/fincaelmorisco.com\/?p=15084\">Ausbildung zum\/zur Natur-Resilienztrainer*in<\/a> mit dem geschulten Team der Deutschen Akademie f\u00fcr Waldbaden &amp; Gesundheit<\/p>\t\t\t\t\t\t\t\t<\/div>\n\t\t\t\t\t<\/div>\n\t\t<\/div>\n\t\t\t\t\t<\/div>\n\t\t<\/section>\n\t\t\t\t<\/div>\n\t\t","protected":false},"excerpt":{"rendered":"<p>Seminare 2026 Kursleiter\/Innen bekommen Ausk\u00fcnfte \u00fcber freie Wochen (immer Sonntag zu Sonntag!) direkt von uns unter: wilfried@morisco.de Mit einem Klick auf den Seminartitel kannst du die Kurs-Inhalte einsehen, wenn du an einem der angebotenen Kurse teilnehmen m\u00f6chtest. Dein Zimmer im <a class=\"more-link\" href=\"https:\/\/fincaelmorisco.com\/?p=13422\">weiterlesen&#8230;<\/a><\/p>\n","protected":false},"author":1,"featured_media":0,"comment_status":"closed","ping_status":"closed","sticky":false,"template":"elementor_header_footer","format":"standard","meta":{"_exactmetrics_skip_tracking":false,"_exactmetrics_sitenote_active":false,"_exactmetrics_sitenote_note":"","_exactmetrics_sitenote_category":0,"footnotes":""},"categories":[15],"tags":[],"class_list":["post-13422","post","type-post","status-publish","format-standard","hentry","category-programm"],"yoast_head":"<!-- This site is optimized with the Yoast SEO plugin v27.4 - https:\/\/yoast.com\/product\/yoast-seo-wordpress\/ -->\n<title>Seminare 2026 - Finca el Morisco<\/title>\n<meta name=\"description\" content=\"Seminarauflistung der f\u00fcr 2024 auf der Finca El Morisco in Benajarafe, Costa del Sol\" \/>\n<meta name=\"robots\" content=\"index, follow, max-snippet:-1, max-image-preview:large, max-video-preview:-1\" \/>\n<link rel=\"canonical\" href=\"https:\/\/fincaelmorisco.com\/?p=13422\" \/>\n<meta property=\"og:locale\" content=\"de_DE\" \/>\n<meta property=\"og:type\" content=\"article\" \/>\n<meta property=\"og:title\" content=\"Seminare 2026 - Finca el Morisco\" \/>\n<meta property=\"og:description\" content=\"Seminarauflistung der f\u00fcr 2024 auf der Finca El Morisco in Benajarafe, Costa del Sol\" \/>\n<meta property=\"og:url\" content=\"https:\/\/fincaelmorisco.com\/?p=13422\" \/>\n<meta property=\"og:site_name\" content=\"Finca el Morisco\" \/>\n<meta property=\"article:published_time\" content=\"2023-04-06T12:09:12+00:00\" \/>\n<meta property=\"article:modified_time\" content=\"2025-11-25T18:01:39+00:00\" \/>\n<meta name=\"author\" content=\"Finca El Morisco\" \/>\n<meta name=\"twitter:card\" content=\"summary_large_image\" \/>\n<meta name=\"twitter:label1\" content=\"Verfasst von\" \/>\n\t<meta name=\"twitter:data1\" content=\"\" \/>\n\t<meta name=\"twitter:label2\" content=\"Gesch\u00e4tzte Lesezeit\" \/>\n\t<meta name=\"twitter:data2\" content=\"2\u00a0Minuten\" \/>\n<script type=\"application\/ld+json\" class=\"yoast-schema-graph\">{\"@context\":\"https:\\\/\\\/schema.org\",\"@graph\":[{\"@type\":\"Article\",\"@id\":\"https:\\\/\\\/fincaelmorisco.com\\\/?p=13422#article\",\"isPartOf\":{\"@id\":\"https:\\\/\\\/fincaelmorisco.com\\\/?p=13422\"},\"author\":{\"name\":\"Finca El Morisco\",\"@id\":\"https:\\\/\\\/fincaelmorisco.com\\\/#\\\/schema\\\/person\\\/514dfb93478c8e8ea012c3c2779bc906\"},\"headline\":\"Seminare 2026\",\"datePublished\":\"2023-04-06T12:09:12+00:00\",\"dateModified\":\"2025-11-25T18:01:39+00:00\",\"mainEntityOfPage\":{\"@id\":\"https:\\\/\\\/fincaelmorisco.com\\\/?p=13422\"},\"wordCount\":377,\"publisher\":{\"@id\":\"https:\\\/\\\/fincaelmorisco.com\\\/#organization\"},\"articleSection\":[\"Programm\"],\"inLanguage\":\"de\"},{\"@type\":\"WebPage\",\"@id\":\"https:\\\/\\\/fincaelmorisco.com\\\/?p=13422\",\"url\":\"https:\\\/\\\/fincaelmorisco.com\\\/?p=13422\",\"name\":\"Seminare 2026 - Finca el Morisco\",\"isPartOf\":{\"@id\":\"https:\\\/\\\/fincaelmorisco.com\\\/#website\"},\"datePublished\":\"2023-04-06T12:09:12+00:00\",\"dateModified\":\"2025-11-25T18:01:39+00:00\",\"description\":\"Seminarauflistung der f\u00fcr 2024 auf der Finca El Morisco in Benajarafe, Costa del Sol\",\"breadcrumb\":{\"@id\":\"https:\\\/\\\/fincaelmorisco.com\\\/?p=13422#breadcrumb\"},\"inLanguage\":\"de\",\"potentialAction\":[{\"@type\":\"ReadAction\",\"target\":[\"https:\\\/\\\/fincaelmorisco.com\\\/?p=13422\"]}]},{\"@type\":\"BreadcrumbList\",\"@id\":\"https:\\\/\\\/fincaelmorisco.com\\\/?p=13422#breadcrumb\",\"itemListElement\":[{\"@type\":\"ListItem\",\"position\":1,\"name\":\"Home\",\"item\":\"https:\\\/\\\/fincaelmorisco.com\\\/\"},{\"@type\":\"ListItem\",\"position\":2,\"name\":\"Seminare 2026\"}]},{\"@type\":\"WebSite\",\"@id\":\"https:\\\/\\\/fincaelmorisco.com\\\/#website\",\"url\":\"https:\\\/\\\/fincaelmorisco.com\\\/\",\"name\":\"Finca el Morisco\",\"description\":\"Yogaurlaub in Andalusien Finca El Morisco\",\"publisher\":{\"@id\":\"https:\\\/\\\/fincaelmorisco.com\\\/#organization\"},\"potentialAction\":[{\"@type\":\"SearchAction\",\"target\":{\"@type\":\"EntryPoint\",\"urlTemplate\":\"https:\\\/\\\/fincaelmorisco.com\\\/?s={search_term_string}\"},\"query-input\":{\"@type\":\"PropertyValueSpecification\",\"valueRequired\":true,\"valueName\":\"search_term_string\"}}],\"inLanguage\":\"de\"},{\"@type\":\"Organization\",\"@id\":\"https:\\\/\\\/fincaelmorisco.com\\\/#organization\",\"name\":\"Finca El Morisco\",\"url\":\"https:\\\/\\\/fincaelmorisco.com\\\/\",\"logo\":{\"@type\":\"ImageObject\",\"inLanguage\":\"de\",\"@id\":\"https:\\\/\\\/fincaelmorisco.com\\\/#\\\/schema\\\/logo\\\/image\\\/\",\"url\":\"https:\\\/\\\/fincaelmorisco.com\\\/wp-content\\\/uploads\\\/2022\\\/02\\\/Finca-El-Morisco-Logo.png\",\"contentUrl\":\"https:\\\/\\\/fincaelmorisco.com\\\/wp-content\\\/uploads\\\/2022\\\/02\\\/Finca-El-Morisco-Logo.png\",\"width\":521,\"height\":123,\"caption\":\"Finca El Morisco\"},\"image\":{\"@id\":\"https:\\\/\\\/fincaelmorisco.com\\\/#\\\/schema\\\/logo\\\/image\\\/\"}},{\"@type\":\"Person\",\"@id\":\"https:\\\/\\\/fincaelmorisco.com\\\/#\\\/schema\\\/person\\\/514dfb93478c8e8ea012c3c2779bc906\",\"name\":\"Finca El Morisco\",\"image\":{\"@type\":\"ImageObject\",\"inLanguage\":\"de\",\"@id\":\"https:\\\/\\\/secure.gravatar.com\\\/avatar\\\/4eef53a659eacb6d411309b59a0f8b82cbd5132928fc43e54e365596467f3734?s=96&d=mm&r=g\",\"url\":\"https:\\\/\\\/secure.gravatar.com\\\/avatar\\\/4eef53a659eacb6d411309b59a0f8b82cbd5132928fc43e54e365596467f3734?s=96&d=mm&r=g\",\"contentUrl\":\"https:\\\/\\\/secure.gravatar.com\\\/avatar\\\/4eef53a659eacb6d411309b59a0f8b82cbd5132928fc43e54e365596467f3734?s=96&d=mm&r=g\",\"caption\":\"Finca El Morisco\"},\"sameAs\":[\"https:\\\/\\\/fincaelmorisco.com\"],\"url\":\"https:\\\/\\\/fincaelmorisco.com\\\/?author=1\"}]}<\/script>\n<!-- \/ Yoast SEO plugin. -->","yoast_head_json":{"title":"Seminare 2026 - Finca el Morisco","description":"Seminarauflistung der f\u00fcr 2024 auf der Finca El Morisco in Benajarafe, Costa del Sol","robots":{"index":"index","follow":"follow","max-snippet":"max-snippet:-1","max-image-preview":"max-image-preview:large","max-video-preview":"max-video-preview:-1"},"canonical":"https:\/\/fincaelmorisco.com\/?p=13422","og_locale":"de_DE","og_type":"article","og_title":"Seminare 2026 - Finca el Morisco","og_description":"Seminarauflistung der f\u00fcr 2024 auf der Finca El Morisco in Benajarafe, Costa del Sol","og_url":"https:\/\/fincaelmorisco.com\/?p=13422","og_site_name":"Finca el Morisco","article_published_time":"2023-04-06T12:09:12+00:00","article_modified_time":"2025-11-25T18:01:39+00:00","author":"Finca El Morisco","twitter_card":"summary_large_image","twitter_misc":{"Verfasst von":false,"Gesch\u00e4tzte Lesezeit":"2\u00a0Minuten"},"schema":{"@context":"https:\/\/schema.org","@graph":[{"@type":"Article","@id":"https:\/\/fincaelmorisco.com\/?p=13422#article","isPartOf":{"@id":"https:\/\/fincaelmorisco.com\/?p=13422"},"author":{"name":"Finca El Morisco","@id":"https:\/\/fincaelmorisco.com\/#\/schema\/person\/514dfb93478c8e8ea012c3c2779bc906"},"headline":"Seminare 2026","datePublished":"2023-04-06T12:09:12+00:00","dateModified":"2025-11-25T18:01:39+00:00","mainEntityOfPage":{"@id":"https:\/\/fincaelmorisco.com\/?p=13422"},"wordCount":377,"publisher":{"@id":"https:\/\/fincaelmorisco.com\/#organization"},"articleSection":["Programm"],"inLanguage":"de"},{"@type":"WebPage","@id":"https:\/\/fincaelmorisco.com\/?p=13422","url":"https:\/\/fincaelmorisco.com\/?p=13422","name":"Seminare 2026 - Finca el Morisco","isPartOf":{"@id":"https:\/\/fincaelmorisco.com\/#website"},"datePublished":"2023-04-06T12:09:12+00:00","dateModified":"2025-11-25T18:01:39+00:00","description":"Seminarauflistung der f\u00fcr 2024 auf der Finca El Morisco in Benajarafe, Costa del Sol","breadcrumb":{"@id":"https:\/\/fincaelmorisco.com\/?p=13422#breadcrumb"},"inLanguage":"de","potentialAction":[{"@type":"ReadAction","target":["https:\/\/fincaelmorisco.com\/?p=13422"]}]},{"@type":"BreadcrumbList","@id":"https:\/\/fincaelmorisco.com\/?p=13422#breadcrumb","itemListElement":[{"@type":"ListItem","position":1,"name":"Home","item":"https:\/\/fincaelmorisco.com\/"},{"@type":"ListItem","position":2,"name":"Seminare 2026"}]},{"@type":"WebSite","@id":"https:\/\/fincaelmorisco.com\/#website","url":"https:\/\/fincaelmorisco.com\/","name":"Finca el Morisco","description":"Yogaurlaub in Andalusien Finca El Morisco","publisher":{"@id":"https:\/\/fincaelmorisco.com\/#organization"},"potentialAction":[{"@type":"SearchAction","target":{"@type":"EntryPoint","urlTemplate":"https:\/\/fincaelmorisco.com\/?s={search_term_string}"},"query-input":{"@type":"PropertyValueSpecification","valueRequired":true,"valueName":"search_term_string"}}],"inLanguage":"de"},{"@type":"Organization","@id":"https:\/\/fincaelmorisco.com\/#organization","name":"Finca El Morisco","url":"https:\/\/fincaelmorisco.com\/","logo":{"@type":"ImageObject","inLanguage":"de","@id":"https:\/\/fincaelmorisco.com\/#\/schema\/logo\/image\/","url":"https:\/\/fincaelmorisco.com\/wp-content\/uploads\/2022\/02\/Finca-El-Morisco-Logo.png","contentUrl":"https:\/\/fincaelmorisco.com\/wp-content\/uploads\/2022\/02\/Finca-El-Morisco-Logo.png","width":521,"height":123,"caption":"Finca El Morisco"},"image":{"@id":"https:\/\/fincaelmorisco.com\/#\/schema\/logo\/image\/"}},{"@type":"Person","@id":"https:\/\/fincaelmorisco.com\/#\/schema\/person\/514dfb93478c8e8ea012c3c2779bc906","name":"Finca El Morisco","image":{"@type":"ImageObject","inLanguage":"de","@id":"https:\/\/secure.gravatar.com\/avatar\/4eef53a659eacb6d411309b59a0f8b82cbd5132928fc43e54e365596467f3734?s=96&d=mm&r=g","url":"https:\/\/secure.gravatar.com\/avatar\/4eef53a659eacb6d411309b59a0f8b82cbd5132928fc43e54e365596467f3734?s=96&d=mm&r=g","contentUrl":"https:\/\/secure.gravatar.com\/avatar\/4eef53a659eacb6d411309b59a0f8b82cbd5132928fc43e54e365596467f3734?s=96&d=mm&r=g","caption":"Finca El Morisco"},"sameAs":["https:\/\/fincaelmorisco.com"],"url":"https:\/\/fincaelmorisco.com\/?author=1"}]}},"_links":{"self":[{"href":"https:\/\/fincaelmorisco.com\/index.php?rest_route=\/wp\/v2\/posts\/13422","targetHints":{"allow":["GET"]}}],"collection":[{"href":"https:\/\/fincaelmorisco.com\/index.php?rest_route=\/wp\/v2\/posts"}],"about":[{"href":"https:\/\/fincaelmorisco.com\/index.php?rest_route=\/wp\/v2\/types\/post"}],"author":[{"embeddable":true,"href":"https:\/\/fincaelmorisco.com\/index.php?rest_route=\/wp\/v2\/users\/1"}],"replies":[{"embeddable":true,"href":"https:\/\/fincaelmorisco.com\/index.php?rest_route=%2Fwp%2Fv2%2Fcomments&post=13422"}],"version-history":[{"count":79,"href":"https:\/\/fincaelmorisco.com\/index.php?rest_route=\/wp\/v2\/posts\/13422\/revisions"}],"predecessor-version":[{"id":15591,"href":"https:\/\/fincaelmorisco.com\/index.php?rest_route=\/wp\/v2\/posts\/13422\/revisions\/15591"}],"wp:attachment":[{"href":"https:\/\/fincaelmorisco.com\/index.php?rest_route=%2Fwp%2Fv2%2Fmedia&parent=13422"}],"wp:term":[{"taxonomy":"category","embeddable":true,"href":"https:\/\/fincaelmorisco.com\/index.php?rest_route=%2Fwp%2Fv2%2Fcategories&post=13422"},{"taxonomy":"post_tag","embeddable":true,"href":"https:\/\/fincaelmorisco.com\/index.php?rest_route=%2Fwp%2Fv2%2Ftags&post=13422"}],"curies":[{"name":"wp","href":"https:\/\/api.w.org\/{rel}","templated":true}]}}