{"id":13314,"date":"2023-03-08T19:24:15","date_gmt":"2023-03-08T18:24:15","guid":{"rendered":"https:\/\/fincaelmorisco.com\/?p=13314"},"modified":"2024-05-23T21:35:57","modified_gmt":"2024-05-23T19:35:57","slug":"deine-wunderbare-reise-zu-dir-selbst-2","status":"publish","type":"post","link":"https:\/\/fincaelmorisco.com\/?p=13314","title":{"rendered":"Deine wunderbare Reise zu Dir selbst"},"content":{"rendered":"\t\t<div data-elementor-type=\"wp-post\" data-elementor-id=\"13314\" class=\"elementor elementor-13314\">\n\t\t\t\t<div class=\"elementor-element elementor-element-3c49221 e-flex e-con-boxed e-con e-parent\" data-id=\"3c49221\" data-element_type=\"container\" data-e-type=\"container\">\n\t\t\t\t\t<div class=\"e-con-inner\">\n\t\t\t\t<div class=\"elementor-element elementor-element-b0a3d72 elementor-widget elementor-widget-text-editor\" data-id=\"b0a3d72\" data-element_type=\"widget\" data-e-type=\"widget\" data-widget_type=\"text-editor.default\">\n\t\t\t\t\t\t\t\t\t<p><strong>19.5. bis 26.5.2024\u00a0 |\u00a0 26.5. bis 2.6.2024\u00a0 |\u00a0\u00a013.10. bis 20.10.2024<\/strong><\/p>\t\t\t\t\t\t\t\t<\/div>\n\t\t\t\t<div class=\"elementor-element elementor-element-133e020 elementor-widget elementor-widget-heading\" data-id=\"133e020\" data-element_type=\"widget\" data-e-type=\"widget\" data-widget_type=\"heading.default\">\n\t\t\t\t\t<h2 class=\"elementor-heading-title elementor-size-default\">Deine wunderbare Reise zu Dir selbst<\/h2>\t\t\t\t<\/div>\n\t\t\t\t\t<\/div>\n\t\t\t\t<\/div>\n\t\t<div class=\"elementor-element elementor-element-f5e8f1f e-flex e-con-boxed e-con e-parent\" data-id=\"f5e8f1f\" data-element_type=\"container\" data-e-type=\"container\">\n\t\t\t\t\t<div class=\"e-con-inner\">\n\t\t\t\t<div class=\"elementor-element elementor-element-c87c928 elementor-widget elementor-widget-image\" data-id=\"c87c928\" data-element_type=\"widget\" data-e-type=\"widget\" data-settings=\"{&quot;motion_fx_motion_fx_mouse&quot;:&quot;yes&quot;,&quot;motion_fx_tilt_effect&quot;:&quot;yes&quot;,&quot;motion_fx_tilt_speed&quot;:{&quot;unit&quot;:&quot;px&quot;,&quot;size&quot;:9.5,&quot;sizes&quot;:[]}}\" data-widget_type=\"image.default\">\n\t\t\t\t\t\t\t\t\t\t\t\t\t\t\t<img decoding=\"async\" src=\"https:\/\/fincaelmorisco.com\/wp-content\/uploads\/elementor\/thumbs\/logo-homepage-zeichenflche-1-pxlqj91mxsil0m6smnr2532viqx4yvu22clwoeemuo.png\" title=\"Logo Yoganda\" alt=\"Logo Yoganda\" loading=\"lazy\" \/>\t\t\t\t\t\t\t\t\t\t\t\t\t\t\t<\/div>\n\t\t\t\t\t<\/div>\n\t\t\t\t<\/div>\n\t\t<div class=\"elementor-element elementor-element-02cd135 e-flex e-con-boxed e-con e-parent\" data-id=\"02cd135\" data-element_type=\"container\" data-e-type=\"container\">\n\t\t\t\t\t<div class=\"e-con-inner\">\n\t\t\t\t<div class=\"elementor-element elementor-element-49f8ea2 elementor-invisible elementor-widget elementor-widget-text-editor\" data-id=\"49f8ea2\" data-element_type=\"widget\" data-e-type=\"widget\" data-settings=\"{&quot;_animation&quot;:&quot;bounce&quot;}\" data-widget_type=\"text-editor.default\">\n\t\t\t\t\t\t\t\t\t<p>Eine ganz besondere\u00a0<strong><em>Yoga f\u00fcr Dich<\/em><\/strong>-Ferienwoche erwartet\u00a0 Dich.<\/p>\t\t\t\t\t\t\t\t<\/div>\n\t\t\t\t<div class=\"elementor-element elementor-element-080ec57 elementor-invisible elementor-widget elementor-widget-text-editor\" data-id=\"080ec57\" data-element_type=\"widget\" data-e-type=\"widget\" data-settings=\"{&quot;_animation&quot;:&quot;bounce&quot;}\" data-widget_type=\"text-editor.default\">\n\t\t\t\t\t\t\t\t\t<p>Fernab vom fordernden Alltag kommst Du durch eine achtsame Yogapraxis voller Freude wieder ganz bei Dir Selbst an.<\/p>\t\t\t\t\t\t\t\t<\/div>\n\t\t\t\t<div class=\"elementor-element elementor-element-10d3b2b elementor-invisible elementor-widget elementor-widget-text-editor\" data-id=\"10d3b2b\" data-element_type=\"widget\" data-e-type=\"widget\" data-settings=\"{&quot;_animation&quot;:&quot;bounce&quot;}\" data-widget_type=\"text-editor.default\">\n\t\t\t\t\t\t\t\t\t<p>Dein Gewinn: Die Erkenntnisse der Yogatherapie flie\u00dfen in den Unterricht mit ein. Die Haltungen werden ganz an Deine momentanen Bed\u00fcrfnisse und M\u00f6glichkeiten angepasst. Yogastunden voller Tiefgang, in denen auch das Lachen nicht zu kurz kommt.<\/p>\t\t\t\t\t\t\t\t<\/div>\n\t\t\t\t<div class=\"elementor-element elementor-element-1f4f075 elementor-invisible elementor-widget elementor-widget-text-editor\" data-id=\"1f4f075\" data-element_type=\"widget\" data-e-type=\"widget\" data-settings=\"{&quot;_animation&quot;:&quot;bounce&quot;}\" data-widget_type=\"text-editor.default\">\n\t\t\t\t\t\t\t\t\t<p>Unter dem Motto\u00a0<strong><em>Finde eine gl\u00fcckliche Anstrengung<\/em><\/strong><\/p><p>starten wir morgens mit dynamischen Praxis. Wohltuende\u00a0<strong>Yin Yoga<\/strong>\u00a0Einheiten am sp\u00e4ten Nachmittag wirken tief und l\u00f6sen Anspannung auf allen Ebenen. So kommt Dein L\u00e4cheln von ganz allein.<\/p><p>Deine Lebensenergie kann wieder frei flie\u00dfen.<\/p>\t\t\t\t\t\t\t\t<\/div>\n\t\t\t\t<div class=\"elementor-element elementor-element-dbab693 elementor-invisible elementor-widget elementor-widget-text-editor\" data-id=\"dbab693\" data-element_type=\"widget\" data-e-type=\"widget\" data-settings=\"{&quot;_animation&quot;:&quot;bounce&quot;}\" data-widget_type=\"text-editor.default\">\n\t\t\t\t\t\t\t\t\t<p>In dieser Woche kannst Du durch alle wohltuenden Aspekte von\u00a0<strong><em>Yoga f\u00fcr Dich<\/em><\/strong>\u00a0schrittweise tiefer eintauchen in diesen gl\u00fccklichen Zustand Deines Seins.<br \/>Damit individuelle Erfahrungen m\u00f6glich sind, ist die Teilnehmerzahl begrenzt. Herzlich Willkommen sind Yoginis und Yogis mit schon etwas Yogaerfahrung. Gerne berate ich Dich. Ich freu\u2019 mich schon auf Dich! Namast\u00e9<\/p><p><strong><em>Martina<\/em><\/strong><\/p>\t\t\t\t\t\t\t\t<\/div>\n\t\t\t\t\t<\/div>\n\t\t\t\t<\/div>\n\t\t<div class=\"elementor-element elementor-element-780105f e-flex e-con-boxed e-con e-parent\" data-id=\"780105f\" data-element_type=\"container\" data-e-type=\"container\">\n\t\t\t\t\t<div class=\"e-con-inner\">\n\t\t\t\t<div class=\"elementor-element elementor-element-e9749cb elementor-invisible elementor-widget elementor-widget-image\" data-id=\"e9749cb\" data-element_type=\"widget\" data-e-type=\"widget\" data-settings=\"{&quot;_animation&quot;:&quot;bounceInDown&quot;}\" data-widget_type=\"image.default\">\n\t\t\t\t\t\t\t\t\t\t\t\t\t\t\t\t<a href=\"https:\/\/fincaelmorisco.com\/wp-content\/uploads\/2022\/04\/Tantaurlaub-2022-4.jpg\" data-elementor-open-lightbox=\"yes\" data-elementor-lightbox-title=\"Tantraurlaub 2023\" data-e-action-hash=\"#elementor-action%3Aaction%3Dlightbox%26settings%3DeyJpZCI6MTE1NjAsInVybCI6Imh0dHBzOlwvXC9maW5jYWVsbW9yaXNjby5jb21cL3dwLWNvbnRlbnRcL3VwbG9hZHNcLzIwMjJcLzA0XC9UYW50YXVybGF1Yi0yMDIyLTQuanBnIn0%3D\">\n\t\t\t\t\t\t\t<img fetchpriority=\"high\" decoding=\"async\" width=\"1024\" height=\"768\" src=\"https:\/\/fincaelmorisco.com\/wp-content\/uploads\/2022\/04\/Tantaurlaub-2022-4-1024x768.jpg\" class=\"attachment-large size-large wp-image-11560\" alt=\"\" srcset=\"https:\/\/fincaelmorisco.com\/wp-content\/uploads\/2022\/04\/Tantaurlaub-2022-4-1024x768.jpg 1024w, https:\/\/fincaelmorisco.com\/wp-content\/uploads\/2022\/04\/Tantaurlaub-2022-4-300x225.jpg 300w, https:\/\/fincaelmorisco.com\/wp-content\/uploads\/2022\/04\/Tantaurlaub-2022-4-768x576.jpg 768w, https:\/\/fincaelmorisco.com\/wp-content\/uploads\/2022\/04\/Tantaurlaub-2022-4-1536x1152.jpg 1536w, https:\/\/fincaelmorisco.com\/wp-content\/uploads\/2022\/04\/Tantaurlaub-2022-4-2048x1536.jpg 2048w, https:\/\/fincaelmorisco.com\/wp-content\/uploads\/2022\/04\/Tantaurlaub-2022-4-380x285.jpg 380w, https:\/\/fincaelmorisco.com\/wp-content\/uploads\/2022\/04\/Tantaurlaub-2022-4-285x214.jpg 285w\" sizes=\"(max-width: 1024px) 100vw, 1024px\" \/>\t\t\t\t\t\t\t\t<\/a>\n\t\t\t\t\t\t\t\t\t\t\t\t\t\t\t<\/div>\n\t\t\t\t<div class=\"elementor-element elementor-element-5a7a4f5 elementor-invisible elementor-widget elementor-widget-image\" data-id=\"5a7a4f5\" data-element_type=\"widget\" data-e-type=\"widget\" data-settings=\"{&quot;_animation&quot;:&quot;bounceInDown&quot;}\" data-widget_type=\"image.default\">\n\t\t\t\t\t\t\t\t\t\t\t\t\t\t\t\t<a href=\"https:\/\/fincaelmorisco.com\/wp-content\/uploads\/2020\/09\/Abends-an-der-Terrasse-vor-dem-Restaurant-scaled.jpg\" data-elementor-open-lightbox=\"yes\" data-elementor-lightbox-title=\"Abends an der Terrasse vor dem Restaurant\" data-e-action-hash=\"#elementor-action%3Aaction%3Dlightbox%26settings%3DeyJpZCI6MTEzODEsInVybCI6Imh0dHBzOlwvXC9maW5jYWVsbW9yaXNjby5jb21cL3dwLWNvbnRlbnRcL3VwbG9hZHNcLzIwMjBcLzA5XC9BYmVuZHMtYW4tZGVyLVRlcnJhc3NlLXZvci1kZW0tUmVzdGF1cmFudC1zY2FsZWQuanBnIn0%3D\">\n\t\t\t\t\t\t\t<img decoding=\"async\" width=\"1024\" height=\"768\" src=\"https:\/\/fincaelmorisco.com\/wp-content\/uploads\/2020\/09\/Abends-an-der-Terrasse-vor-dem-Restaurant-1024x768.jpg\" class=\"attachment-large size-large wp-image-11381\" alt=\"\" srcset=\"https:\/\/fincaelmorisco.com\/wp-content\/uploads\/2020\/09\/Abends-an-der-Terrasse-vor-dem-Restaurant-1024x768.jpg 1024w, https:\/\/fincaelmorisco.com\/wp-content\/uploads\/2020\/09\/Abends-an-der-Terrasse-vor-dem-Restaurant-300x225.jpg 300w, https:\/\/fincaelmorisco.com\/wp-content\/uploads\/2020\/09\/Abends-an-der-Terrasse-vor-dem-Restaurant-768x576.jpg 768w, https:\/\/fincaelmorisco.com\/wp-content\/uploads\/2020\/09\/Abends-an-der-Terrasse-vor-dem-Restaurant-1536x1152.jpg 1536w, https:\/\/fincaelmorisco.com\/wp-content\/uploads\/2020\/09\/Abends-an-der-Terrasse-vor-dem-Restaurant-2048x1536.jpg 2048w, https:\/\/fincaelmorisco.com\/wp-content\/uploads\/2020\/09\/Abends-an-der-Terrasse-vor-dem-Restaurant-380x285.jpg 380w, https:\/\/fincaelmorisco.com\/wp-content\/uploads\/2020\/09\/Abends-an-der-Terrasse-vor-dem-Restaurant-285x214.jpg 285w\" sizes=\"(max-width: 1024px) 100vw, 1024px\" \/>\t\t\t\t\t\t\t\t<\/a>\n\t\t\t\t\t\t\t\t\t\t\t\t\t\t\t<\/div>\n\t\t\t\t<div class=\"elementor-element elementor-element-4ba0ceb elementor-invisible elementor-widget elementor-widget-image\" data-id=\"4ba0ceb\" data-element_type=\"widget\" data-e-type=\"widget\" data-settings=\"{&quot;_animation&quot;:&quot;bounceInDown&quot;}\" data-widget_type=\"image.default\">\n\t\t\t\t\t\t\t\t\t\t\t\t\t\t\t\t<a href=\"https:\/\/fincaelmorisco.com\/wp-content\/uploads\/2021\/04\/Finca-El-Morisco-6-1.jpg\" data-elementor-open-lightbox=\"yes\" data-elementor-lightbox-title=\"Poolbereich\" data-e-action-hash=\"#elementor-action%3Aaction%3Dlightbox%26settings%3DeyJpZCI6MTEwOTEsInVybCI6Imh0dHBzOlwvXC9maW5jYWVsbW9yaXNjby5jb21cL3dwLWNvbnRlbnRcL3VwbG9hZHNcLzIwMjFcLzA0XC9GaW5jYS1FbC1Nb3Jpc2NvLTYtMS5qcGcifQ%3D%3D\">\n\t\t\t\t\t\t\t<img decoding=\"async\" width=\"1024\" height=\"768\" src=\"https:\/\/fincaelmorisco.com\/wp-content\/uploads\/2021\/04\/Finca-El-Morisco-6-1.jpg\" class=\"attachment-large size-large wp-image-11091\" alt=\"\" srcset=\"https:\/\/fincaelmorisco.com\/wp-content\/uploads\/2021\/04\/Finca-El-Morisco-6-1.jpg 1024w, https:\/\/fincaelmorisco.com\/wp-content\/uploads\/2021\/04\/Finca-El-Morisco-6-1-300x225.jpg 300w, https:\/\/fincaelmorisco.com\/wp-content\/uploads\/2021\/04\/Finca-El-Morisco-6-1-768x576.jpg 768w, https:\/\/fincaelmorisco.com\/wp-content\/uploads\/2021\/04\/Finca-El-Morisco-6-1-380x285.jpg 380w, https:\/\/fincaelmorisco.com\/wp-content\/uploads\/2021\/04\/Finca-El-Morisco-6-1-285x214.jpg 285w\" sizes=\"(max-width: 1024px) 100vw, 1024px\" \/>\t\t\t\t\t\t\t\t<\/a>\n\t\t\t\t\t\t\t\t\t\t\t\t\t\t\t<\/div>\n\t\t\t\t\t<\/div>\n\t\t\t\t<\/div>\n\t\t<div class=\"elementor-element elementor-element-49b29d0 e-flex e-con-boxed e-con e-parent\" data-id=\"49b29d0\" data-element_type=\"container\" data-e-type=\"container\">\n\t\t\t\t\t<div class=\"e-con-inner\">\n\t\t\t\t<div class=\"elementor-element elementor-element-60b6354 elementor-widget elementor-widget-spacer\" data-id=\"60b6354\" data-element_type=\"widget\" data-e-type=\"widget\" data-widget_type=\"spacer.default\">\n\t\t\t\t\t\t\t<div class=\"elementor-spacer\">\n\t\t\t<div class=\"elementor-spacer-inner\"><\/div>\n\t\t<\/div>\n\t\t\t\t\t\t<\/div>\n\t\t\t\t\t<\/div>\n\t\t\t\t<\/div>\n\t\t<div class=\"elementor-element elementor-element-7bf9423 e-flex e-con-boxed e-con e-parent\" data-id=\"7bf9423\" data-element_type=\"container\" data-e-type=\"container\">\n\t\t\t\t\t<div class=\"e-con-inner\">\n\t\t\t\t<div class=\"elementor-element elementor-element-8f58c8c elementor-widget elementor-widget-heading\" data-id=\"8f58c8c\" data-element_type=\"widget\" data-e-type=\"widget\" data-widget_type=\"heading.default\">\n\t\t\t\t\t<h5 class=\"elementor-heading-title elementor-size-default\">Kursleitung<\/h5>\t\t\t\t<\/div>\n\t\t\t\t\t<\/div>\n\t\t\t\t<\/div>\n\t\t<div class=\"elementor-element elementor-element-0f25e04 e-flex e-con-boxed e-con e-parent\" data-id=\"0f25e04\" data-element_type=\"container\" data-e-type=\"container\">\n\t\t\t\t\t<div class=\"e-con-inner\">\n\t\t<div class=\"elementor-element elementor-element-1d03dce e-con-full e-flex e-con e-child\" data-id=\"1d03dce\" data-element_type=\"container\" data-e-type=\"container\">\n\t\t\t\t<div class=\"elementor-element elementor-element-32171cf elementor-widget elementor-widget-heading\" data-id=\"32171cf\" data-element_type=\"widget\" data-e-type=\"widget\" data-widget_type=\"heading.default\">\n\t\t\t\t\t<h6 class=\"elementor-heading-title elementor-size-default\">Martina Waibel,\nDipl. Yogatherapeutin |Yogalehrerin | Mitglied der Deutschen Gesellschaft f\u00fcr Yogatherapie e. V.\n<\/h6>\t\t\t\t<\/div>\n\t\t\t\t<div class=\"elementor-element elementor-element-5eea978 elementor-widget elementor-widget-text-editor\" data-id=\"5eea978\" data-element_type=\"widget\" data-e-type=\"widget\" data-widget_type=\"text-editor.default\">\n\t\t\t\t\t\t\t\t\t<p>hat ihre Liebe zu Yoga zum Beruf gemacht und verf\u00fcgt \u00fcber eine jahrzehntelange Erfahrung. Die Kombination von achtsamem, anatomisch fundiertem, therapeutischem Yoga f\u00fchrt Dich zum innersten Kern, ber\u00fchrt Dich in der Tiefe. Martinas beliebte Stunden zeichnen sich durch individuelle Anpassungen, spirituellem Tiefgang und guter Laune aus. Die Freude am Sein steht im Vordergrund.<\/p>\t\t\t\t\t\t\t\t<\/div>\n\t\t\t\t<\/div>\n\t\t<div class=\"elementor-element elementor-element-ed24bec e-con-full e-flex e-con e-child\" data-id=\"ed24bec\" data-element_type=\"container\" data-e-type=\"container\">\n\t\t\t\t<div class=\"elementor-element elementor-element-cd61fda elementor-widget elementor-widget-image\" data-id=\"cd61fda\" data-element_type=\"widget\" data-e-type=\"widget\" data-widget_type=\"image.default\">\n\t\t\t\t\t\t\t\t\t\t\t\t\t\t\t<img loading=\"lazy\" decoding=\"async\" width=\"1024\" height=\"768\" src=\"https:\/\/fincaelmorisco.com\/wp-content\/uploads\/2021\/10\/img-0059-1024x768.jpg\" class=\"attachment-large size-large wp-image-11061\" alt=\"\" srcset=\"https:\/\/fincaelmorisco.com\/wp-content\/uploads\/2021\/10\/img-0059-1024x768.jpg 1024w, https:\/\/fincaelmorisco.com\/wp-content\/uploads\/2021\/10\/img-0059-300x225.jpg 300w, https:\/\/fincaelmorisco.com\/wp-content\/uploads\/2021\/10\/img-0059-768x576.jpg 768w, https:\/\/fincaelmorisco.com\/wp-content\/uploads\/2021\/10\/img-0059-380x285.jpg 380w, https:\/\/fincaelmorisco.com\/wp-content\/uploads\/2021\/10\/img-0059-285x214.jpg 285w, https:\/\/fincaelmorisco.com\/wp-content\/uploads\/2021\/10\/img-0059.jpg 1400w\" sizes=\"(max-width: 1024px) 100vw, 1024px\" \/>\t\t\t\t\t\t\t\t\t\t\t\t\t\t\t<\/div>\n\t\t\t\t<\/div>\n\t\t\t\t\t<\/div>\n\t\t\t\t<\/div>\n\t\t<div class=\"elementor-element elementor-element-82056ab e-flex e-con-boxed e-con e-parent\" data-id=\"82056ab\" data-element_type=\"container\" data-e-type=\"container\">\n\t\t\t\t\t<div class=\"e-con-inner\">\n\t\t<div class=\"elementor-element elementor-element-183a565 e-con-full e-flex e-con e-child\" data-id=\"183a565\" data-element_type=\"container\" data-e-type=\"container\">\n\t\t\t\t<div class=\"elementor-element elementor-element-36c6f8a elementor-invisible elementor-widget elementor-widget-text-editor\" data-id=\"36c6f8a\" data-element_type=\"widget\" data-e-type=\"widget\" data-settings=\"{&quot;_animation&quot;:&quot;fadeInRight&quot;}\" data-widget_type=\"text-editor.default\">\n\t\t\t\t\t\t\t\t\t<p>Leitgedanken<\/p>\t\t\t\t\t\t\t\t<\/div>\n\t\t\t\t<\/div>\n\t\t<div class=\"elementor-element elementor-element-a4893c7 e-con-full e-flex e-con e-child\" data-id=\"a4893c7\" data-element_type=\"container\" data-e-type=\"container\">\n\t\t\t\t<div class=\"elementor-element elementor-element-d02eb95 elementor-invisible elementor-widget elementor-widget-text-editor\" data-id=\"d02eb95\" data-element_type=\"widget\" data-e-type=\"widget\" data-settings=\"{&quot;_animation&quot;:&quot;fadeInRight&quot;}\" data-widget_type=\"text-editor.default\">\n\t\t\t\t\t\t\t\t\t<p><strong>\u201eDer Mensch passt sich nicht dem Yoga an, Yoga passt sich dem Menschen an.\u201c<\/strong><\/p><p>und\u2026.<\/p><p><strong>\u201eRespektiere Deine Grenzen, doch erkenne Deine M\u00f6glichkeiten.\u201c<\/strong><\/p>\t\t\t\t\t\t\t\t<\/div>\n\t\t\t\t<\/div>\n\t\t\t\t\t<\/div>\n\t\t\t\t<\/div>\n\t\t<div class=\"elementor-element elementor-element-c272df6 e-flex e-con-boxed e-con e-parent\" data-id=\"c272df6\" data-element_type=\"container\" data-e-type=\"container\">\n\t\t\t\t\t<div class=\"e-con-inner\">\n\t\t\t\t<div class=\"elementor-element elementor-element-a1b1556 elementor-widget elementor-widget-text-editor\" data-id=\"a1b1556\" data-element_type=\"widget\" data-e-type=\"widget\" data-widget_type=\"text-editor.default\">\n\t\t\t\t\t\t\t\t\t<p>Info, Anmeldung, Kontakt: martina(at)yoganda.de<\/p><p>Yoga f\u00fcr Dich,\u00a0<a href=\"http:\/\/www.yoganda.de\/retreats\/yoga-dich-intensiv-ferienseminare.html\"><strong>www.yoganda.de\/retreats\/yoga-dich-intensiv-ferienseminare.html<\/strong><\/a><\/p><p>Kursgeb\u00fchr \u20ac 480.-\u00a0 Yoga f\u00fcr Dich-Seminar, 1- 2 x t\u00e4glich Yoga an 6 Tagen, 1 Nachmittag frei f\u00fcr einen ausgedehnten Ausflug oder Strand, etc.<\/p>\t\t\t\t\t\t\t\t<\/div>\n\t\t\t\t\t<\/div>\n\t\t\t\t<\/div>\n\t\t\t\t<\/div>\n\t\t","protected":false},"excerpt":{"rendered":"<p>19.5. bis 26.5.2024\u00a0 |\u00a0 26.5. bis 2.6.2024\u00a0 |\u00a0\u00a013.10. bis 20.10.2024 Deine wunderbare Reise zu Dir selbst Eine ganz besondere\u00a0Yoga f\u00fcr Dich-Ferienwoche erwartet\u00a0 Dich. Fernab vom fordernden Alltag kommst Du durch eine achtsame Yogapraxis voller Freude wieder ganz bei Dir Selbst <a class=\"more-link\" href=\"https:\/\/fincaelmorisco.com\/?p=13314\">weiterlesen&#8230;<\/a><\/p>\n","protected":false},"author":1,"featured_media":13298,"comment_status":"closed","ping_status":"closed","sticky":false,"template":"","format":"standard","meta":{"_exactmetrics_skip_tracking":false,"_exactmetrics_sitenote_active":false,"_exactmetrics_sitenote_note":"","_exactmetrics_sitenote_category":0,"footnotes":""},"categories":[15],"tags":[],"class_list":["post-13314","post","type-post","status-publish","format-standard","has-post-thumbnail","hentry","category-programm"],"yoast_head":"<!-- This site is optimized with the Yoast SEO plugin v27.5 - https:\/\/yoast.com\/product\/yoast-seo-wordpress\/ -->\n<title>Deine wunderbare Reise zu Dir selbst - Finca el Morisco<\/title>\n<meta name=\"robots\" content=\"index, follow, max-snippet:-1, max-image-preview:large, max-video-preview:-1\" \/>\n<link rel=\"canonical\" href=\"https:\/\/fincaelmorisco.com\/?p=13314\" \/>\n<meta property=\"og:locale\" content=\"de_DE\" \/>\n<meta property=\"og:type\" content=\"article\" \/>\n<meta property=\"og:title\" content=\"Deine wunderbare Reise zu Dir selbst - Finca el Morisco\" \/>\n<meta property=\"og:description\" content=\"19.5. bis 26.5.2024\u00a0 |\u00a0 26.5. bis 2.6.2024\u00a0 |\u00a0\u00a013.10. bis 20.10.2024 Deine wunderbare Reise zu Dir selbst Eine ganz besondere\u00a0Yoga f\u00fcr Dich-Ferienwoche erwartet\u00a0 Dich. Fernab vom fordernden Alltag kommst Du durch eine achtsame Yogapraxis voller Freude wieder ganz bei Dir Selbst weiterlesen...\" \/>\n<meta property=\"og:url\" content=\"https:\/\/fincaelmorisco.com\/?p=13314\" \/>\n<meta property=\"og:site_name\" content=\"Finca el Morisco\" \/>\n<meta property=\"article:published_time\" content=\"2023-03-08T18:24:15+00:00\" \/>\n<meta property=\"article:modified_time\" content=\"2024-05-23T19:35:57+00:00\" \/>\n<meta property=\"og:image\" content=\"https:\/\/fincaelmorisco.com\/wp-content\/uploads\/2023\/03\/2400x900.webp\" \/>\n\t<meta property=\"og:image:width\" content=\"2400\" \/>\n\t<meta property=\"og:image:height\" content=\"900\" \/>\n\t<meta property=\"og:image:type\" content=\"image\/webp\" \/>\n<meta name=\"author\" content=\"Finca El Morisco\" \/>\n<meta name=\"twitter:card\" content=\"summary_large_image\" \/>\n<meta name=\"twitter:label1\" content=\"Verfasst von\" \/>\n\t<meta name=\"twitter:data1\" content=\"\" \/>\n\t<meta name=\"twitter:label2\" content=\"Gesch\u00e4tzte Lesezeit\" \/>\n\t<meta name=\"twitter:data2\" content=\"3\u00a0Minuten\" \/>\n<script type=\"application\/ld+json\" class=\"yoast-schema-graph\">{\"@context\":\"https:\\\/\\\/schema.org\",\"@graph\":[{\"@type\":\"Article\",\"@id\":\"https:\\\/\\\/fincaelmorisco.com\\\/?p=13314#article\",\"isPartOf\":{\"@id\":\"https:\\\/\\\/fincaelmorisco.com\\\/?p=13314\"},\"author\":{\"name\":\"Finca El Morisco\",\"@id\":\"https:\\\/\\\/fincaelmorisco.com\\\/#\\\/schema\\\/person\\\/514dfb93478c8e8ea012c3c2779bc906\"},\"headline\":\"Deine wunderbare Reise zu Dir selbst\",\"datePublished\":\"2023-03-08T18:24:15+00:00\",\"dateModified\":\"2024-05-23T19:35:57+00:00\",\"mainEntityOfPage\":{\"@id\":\"https:\\\/\\\/fincaelmorisco.com\\\/?p=13314\"},\"wordCount\":319,\"publisher\":{\"@id\":\"https:\\\/\\\/fincaelmorisco.com\\\/#organization\"},\"image\":{\"@id\":\"https:\\\/\\\/fincaelmorisco.com\\\/?p=13314#primaryimage\"},\"thumbnailUrl\":\"https:\\\/\\\/fincaelmorisco.com\\\/wp-content\\\/uploads\\\/2023\\\/03\\\/2400x900.webp\",\"articleSection\":[\"Programm\"],\"inLanguage\":\"de\"},{\"@type\":\"WebPage\",\"@id\":\"https:\\\/\\\/fincaelmorisco.com\\\/?p=13314\",\"url\":\"https:\\\/\\\/fincaelmorisco.com\\\/?p=13314\",\"name\":\"Deine wunderbare Reise zu Dir selbst - Finca el Morisco\",\"isPartOf\":{\"@id\":\"https:\\\/\\\/fincaelmorisco.com\\\/#website\"},\"primaryImageOfPage\":{\"@id\":\"https:\\\/\\\/fincaelmorisco.com\\\/?p=13314#primaryimage\"},\"image\":{\"@id\":\"https:\\\/\\\/fincaelmorisco.com\\\/?p=13314#primaryimage\"},\"thumbnailUrl\":\"https:\\\/\\\/fincaelmorisco.com\\\/wp-content\\\/uploads\\\/2023\\\/03\\\/2400x900.webp\",\"datePublished\":\"2023-03-08T18:24:15+00:00\",\"dateModified\":\"2024-05-23T19:35:57+00:00\",\"breadcrumb\":{\"@id\":\"https:\\\/\\\/fincaelmorisco.com\\\/?p=13314#breadcrumb\"},\"inLanguage\":\"de\",\"potentialAction\":[{\"@type\":\"ReadAction\",\"target\":[\"https:\\\/\\\/fincaelmorisco.com\\\/?p=13314\"]}]},{\"@type\":\"ImageObject\",\"inLanguage\":\"de\",\"@id\":\"https:\\\/\\\/fincaelmorisco.com\\\/?p=13314#primaryimage\",\"url\":\"https:\\\/\\\/fincaelmorisco.com\\\/wp-content\\\/uploads\\\/2023\\\/03\\\/2400x900.webp\",\"contentUrl\":\"https:\\\/\\\/fincaelmorisco.com\\\/wp-content\\\/uploads\\\/2023\\\/03\\\/2400x900.webp\",\"width\":2400,\"height\":900},{\"@type\":\"BreadcrumbList\",\"@id\":\"https:\\\/\\\/fincaelmorisco.com\\\/?p=13314#breadcrumb\",\"itemListElement\":[{\"@type\":\"ListItem\",\"position\":1,\"name\":\"Home\",\"item\":\"https:\\\/\\\/fincaelmorisco.com\\\/\"},{\"@type\":\"ListItem\",\"position\":2,\"name\":\"Deine wunderbare Reise zu Dir selbst\"}]},{\"@type\":\"WebSite\",\"@id\":\"https:\\\/\\\/fincaelmorisco.com\\\/#website\",\"url\":\"https:\\\/\\\/fincaelmorisco.com\\\/\",\"name\":\"Finca el Morisco\",\"description\":\"Yogaurlaub in Andalusien Finca El Morisco\",\"publisher\":{\"@id\":\"https:\\\/\\\/fincaelmorisco.com\\\/#organization\"},\"potentialAction\":[{\"@type\":\"SearchAction\",\"target\":{\"@type\":\"EntryPoint\",\"urlTemplate\":\"https:\\\/\\\/fincaelmorisco.com\\\/?s={search_term_string}\"},\"query-input\":{\"@type\":\"PropertyValueSpecification\",\"valueRequired\":true,\"valueName\":\"search_term_string\"}}],\"inLanguage\":\"de\"},{\"@type\":\"Organization\",\"@id\":\"https:\\\/\\\/fincaelmorisco.com\\\/#organization\",\"name\":\"Finca El Morisco\",\"url\":\"https:\\\/\\\/fincaelmorisco.com\\\/\",\"logo\":{\"@type\":\"ImageObject\",\"inLanguage\":\"de\",\"@id\":\"https:\\\/\\\/fincaelmorisco.com\\\/#\\\/schema\\\/logo\\\/image\\\/\",\"url\":\"https:\\\/\\\/fincaelmorisco.com\\\/wp-content\\\/uploads\\\/2022\\\/02\\\/Finca-El-Morisco-Logo.png\",\"contentUrl\":\"https:\\\/\\\/fincaelmorisco.com\\\/wp-content\\\/uploads\\\/2022\\\/02\\\/Finca-El-Morisco-Logo.png\",\"width\":521,\"height\":123,\"caption\":\"Finca El Morisco\"},\"image\":{\"@id\":\"https:\\\/\\\/fincaelmorisco.com\\\/#\\\/schema\\\/logo\\\/image\\\/\"}},{\"@type\":\"Person\",\"@id\":\"https:\\\/\\\/fincaelmorisco.com\\\/#\\\/schema\\\/person\\\/514dfb93478c8e8ea012c3c2779bc906\",\"name\":\"Finca El Morisco\",\"image\":{\"@type\":\"ImageObject\",\"inLanguage\":\"de\",\"@id\":\"https:\\\/\\\/secure.gravatar.com\\\/avatar\\\/4eef53a659eacb6d411309b59a0f8b82cbd5132928fc43e54e365596467f3734?s=96&d=mm&r=g\",\"url\":\"https:\\\/\\\/secure.gravatar.com\\\/avatar\\\/4eef53a659eacb6d411309b59a0f8b82cbd5132928fc43e54e365596467f3734?s=96&d=mm&r=g\",\"contentUrl\":\"https:\\\/\\\/secure.gravatar.com\\\/avatar\\\/4eef53a659eacb6d411309b59a0f8b82cbd5132928fc43e54e365596467f3734?s=96&d=mm&r=g\",\"caption\":\"Finca El Morisco\"},\"sameAs\":[\"https:\\\/\\\/fincaelmorisco.com\"],\"url\":\"https:\\\/\\\/fincaelmorisco.com\\\/?author=1\"}]}<\/script>\n<!-- \/ Yoast SEO plugin. -->","yoast_head_json":{"title":"Deine wunderbare Reise zu Dir selbst - Finca el Morisco","robots":{"index":"index","follow":"follow","max-snippet":"max-snippet:-1","max-image-preview":"max-image-preview:large","max-video-preview":"max-video-preview:-1"},"canonical":"https:\/\/fincaelmorisco.com\/?p=13314","og_locale":"de_DE","og_type":"article","og_title":"Deine wunderbare Reise zu Dir selbst - Finca el Morisco","og_description":"19.5. bis 26.5.2024\u00a0 |\u00a0 26.5. bis 2.6.2024\u00a0 |\u00a0\u00a013.10. bis 20.10.2024 Deine wunderbare Reise zu Dir selbst Eine ganz besondere\u00a0Yoga f\u00fcr Dich-Ferienwoche erwartet\u00a0 Dich. Fernab vom fordernden Alltag kommst Du durch eine achtsame Yogapraxis voller Freude wieder ganz bei Dir Selbst weiterlesen...","og_url":"https:\/\/fincaelmorisco.com\/?p=13314","og_site_name":"Finca el Morisco","article_published_time":"2023-03-08T18:24:15+00:00","article_modified_time":"2024-05-23T19:35:57+00:00","og_image":[{"width":2400,"height":900,"url":"https:\/\/fincaelmorisco.com\/wp-content\/uploads\/2023\/03\/2400x900.webp","type":"image\/webp"}],"author":"Finca El Morisco","twitter_card":"summary_large_image","twitter_misc":{"Verfasst von":false,"Gesch\u00e4tzte Lesezeit":"3\u00a0Minuten"},"schema":{"@context":"https:\/\/schema.org","@graph":[{"@type":"Article","@id":"https:\/\/fincaelmorisco.com\/?p=13314#article","isPartOf":{"@id":"https:\/\/fincaelmorisco.com\/?p=13314"},"author":{"name":"Finca El Morisco","@id":"https:\/\/fincaelmorisco.com\/#\/schema\/person\/514dfb93478c8e8ea012c3c2779bc906"},"headline":"Deine wunderbare Reise zu Dir selbst","datePublished":"2023-03-08T18:24:15+00:00","dateModified":"2024-05-23T19:35:57+00:00","mainEntityOfPage":{"@id":"https:\/\/fincaelmorisco.com\/?p=13314"},"wordCount":319,"publisher":{"@id":"https:\/\/fincaelmorisco.com\/#organization"},"image":{"@id":"https:\/\/fincaelmorisco.com\/?p=13314#primaryimage"},"thumbnailUrl":"https:\/\/fincaelmorisco.com\/wp-content\/uploads\/2023\/03\/2400x900.webp","articleSection":["Programm"],"inLanguage":"de"},{"@type":"WebPage","@id":"https:\/\/fincaelmorisco.com\/?p=13314","url":"https:\/\/fincaelmorisco.com\/?p=13314","name":"Deine wunderbare Reise zu Dir selbst - Finca el Morisco","isPartOf":{"@id":"https:\/\/fincaelmorisco.com\/#website"},"primaryImageOfPage":{"@id":"https:\/\/fincaelmorisco.com\/?p=13314#primaryimage"},"image":{"@id":"https:\/\/fincaelmorisco.com\/?p=13314#primaryimage"},"thumbnailUrl":"https:\/\/fincaelmorisco.com\/wp-content\/uploads\/2023\/03\/2400x900.webp","datePublished":"2023-03-08T18:24:15+00:00","dateModified":"2024-05-23T19:35:57+00:00","breadcrumb":{"@id":"https:\/\/fincaelmorisco.com\/?p=13314#breadcrumb"},"inLanguage":"de","potentialAction":[{"@type":"ReadAction","target":["https:\/\/fincaelmorisco.com\/?p=13314"]}]},{"@type":"ImageObject","inLanguage":"de","@id":"https:\/\/fincaelmorisco.com\/?p=13314#primaryimage","url":"https:\/\/fincaelmorisco.com\/wp-content\/uploads\/2023\/03\/2400x900.webp","contentUrl":"https:\/\/fincaelmorisco.com\/wp-content\/uploads\/2023\/03\/2400x900.webp","width":2400,"height":900},{"@type":"BreadcrumbList","@id":"https:\/\/fincaelmorisco.com\/?p=13314#breadcrumb","itemListElement":[{"@type":"ListItem","position":1,"name":"Home","item":"https:\/\/fincaelmorisco.com\/"},{"@type":"ListItem","position":2,"name":"Deine wunderbare Reise zu Dir selbst"}]},{"@type":"WebSite","@id":"https:\/\/fincaelmorisco.com\/#website","url":"https:\/\/fincaelmorisco.com\/","name":"Finca el Morisco","description":"Yogaurlaub in Andalusien Finca El Morisco","publisher":{"@id":"https:\/\/fincaelmorisco.com\/#organization"},"potentialAction":[{"@type":"SearchAction","target":{"@type":"EntryPoint","urlTemplate":"https:\/\/fincaelmorisco.com\/?s={search_term_string}"},"query-input":{"@type":"PropertyValueSpecification","valueRequired":true,"valueName":"search_term_string"}}],"inLanguage":"de"},{"@type":"Organization","@id":"https:\/\/fincaelmorisco.com\/#organization","name":"Finca El Morisco","url":"https:\/\/fincaelmorisco.com\/","logo":{"@type":"ImageObject","inLanguage":"de","@id":"https:\/\/fincaelmorisco.com\/#\/schema\/logo\/image\/","url":"https:\/\/fincaelmorisco.com\/wp-content\/uploads\/2022\/02\/Finca-El-Morisco-Logo.png","contentUrl":"https:\/\/fincaelmorisco.com\/wp-content\/uploads\/2022\/02\/Finca-El-Morisco-Logo.png","width":521,"height":123,"caption":"Finca El Morisco"},"image":{"@id":"https:\/\/fincaelmorisco.com\/#\/schema\/logo\/image\/"}},{"@type":"Person","@id":"https:\/\/fincaelmorisco.com\/#\/schema\/person\/514dfb93478c8e8ea012c3c2779bc906","name":"Finca El Morisco","image":{"@type":"ImageObject","inLanguage":"de","@id":"https:\/\/secure.gravatar.com\/avatar\/4eef53a659eacb6d411309b59a0f8b82cbd5132928fc43e54e365596467f3734?s=96&d=mm&r=g","url":"https:\/\/secure.gravatar.com\/avatar\/4eef53a659eacb6d411309b59a0f8b82cbd5132928fc43e54e365596467f3734?s=96&d=mm&r=g","contentUrl":"https:\/\/secure.gravatar.com\/avatar\/4eef53a659eacb6d411309b59a0f8b82cbd5132928fc43e54e365596467f3734?s=96&d=mm&r=g","caption":"Finca El Morisco"},"sameAs":["https:\/\/fincaelmorisco.com"],"url":"https:\/\/fincaelmorisco.com\/?author=1"}]}},"_links":{"self":[{"href":"https:\/\/fincaelmorisco.com\/index.php?rest_route=\/wp\/v2\/posts\/13314","targetHints":{"allow":["GET"]}}],"collection":[{"href":"https:\/\/fincaelmorisco.com\/index.php?rest_route=\/wp\/v2\/posts"}],"about":[{"href":"https:\/\/fincaelmorisco.com\/index.php?rest_route=\/wp\/v2\/types\/post"}],"author":[{"embeddable":true,"href":"https:\/\/fincaelmorisco.com\/index.php?rest_route=\/wp\/v2\/users\/1"}],"replies":[{"embeddable":true,"href":"https:\/\/fincaelmorisco.com\/index.php?rest_route=%2Fwp%2Fv2%2Fcomments&post=13314"}],"version-history":[{"count":21,"href":"https:\/\/fincaelmorisco.com\/index.php?rest_route=\/wp\/v2\/posts\/13314\/revisions"}],"predecessor-version":[{"id":14422,"href":"https:\/\/fincaelmorisco.com\/index.php?rest_route=\/wp\/v2\/posts\/13314\/revisions\/14422"}],"wp:featuredmedia":[{"embeddable":true,"href":"https:\/\/fincaelmorisco.com\/index.php?rest_route=\/wp\/v2\/media\/13298"}],"wp:attachment":[{"href":"https:\/\/fincaelmorisco.com\/index.php?rest_route=%2Fwp%2Fv2%2Fmedia&parent=13314"}],"wp:term":[{"taxonomy":"category","embeddable":true,"href":"https:\/\/fincaelmorisco.com\/index.php?rest_route=%2Fwp%2Fv2%2Fcategories&post=13314"},{"taxonomy":"post_tag","embeddable":true,"href":"https:\/\/fincaelmorisco.com\/index.php?rest_route=%2Fwp%2Fv2%2Ftags&post=13314"}],"curies":[{"name":"wp","href":"https:\/\/api.w.org\/{rel}","templated":true}]}}