{"id":11833,"date":"2022-08-06T12:56:11","date_gmt":"2022-08-06T10:56:11","guid":{"rendered":"https:\/\/fincaelmorisco.com\/?p=11833"},"modified":"2023-08-02T19:44:53","modified_gmt":"2023-08-02T17:44:53","slug":"create-a-larger-life","status":"publish","type":"post","link":"https:\/\/fincaelmorisco.com\/?p=11833","title":{"rendered":"CREATE A LARGER LIFE"},"content":{"rendered":"\t\t<div data-elementor-type=\"wp-post\" data-elementor-id=\"11833\" class=\"elementor elementor-11833\">\n\t\t\t\t\t\t<section class=\"elementor-section elementor-top-section elementor-element elementor-element-cab3f6b elementor-section-boxed elementor-section-height-default elementor-section-height-default elementor-invisible\" data-id=\"cab3f6b\" data-element_type=\"section\" data-e-type=\"section\" data-settings=\"{&quot;animation&quot;:&quot;rotateIn&quot;}\">\n\t\t\t\t\t\t<div class=\"elementor-container elementor-column-gap-default\">\n\t\t\t\t\t<div class=\"elementor-column elementor-col-100 elementor-top-column elementor-element elementor-element-6eb1c46\" data-id=\"6eb1c46\" data-element_type=\"column\" data-e-type=\"column\">\n\t\t\t<div class=\"elementor-widget-wrap elementor-element-populated\">\n\t\t\t\t\t\t<div class=\"elementor-element elementor-element-62f657f elementor-widget elementor-widget-text-editor\" data-id=\"62f657f\" data-element_type=\"widget\" data-e-type=\"widget\" data-widget_type=\"text-editor.default\">\n\t\t\t\t\t\t\t\t\t<p><strong>3.3. bis 10.3.2024<\/strong><\/p>\t\t\t\t\t\t\t\t<\/div>\n\t\t\t\t<div class=\"elementor-element elementor-element-9270585 elementor-widget elementor-widget-heading\" data-id=\"9270585\" data-element_type=\"widget\" data-e-type=\"widget\" data-widget_type=\"heading.default\">\n\t\t\t\t\t<h1 class=\"elementor-heading-title elementor-size-default\">CREATE A LARGER LIFE<\/h1>\t\t\t\t<\/div>\n\t\t\t\t<div class=\"elementor-element elementor-element-1043da5 elementor-widget elementor-widget-heading\" data-id=\"1043da5\" data-element_type=\"widget\" data-e-type=\"widget\" data-widget_type=\"heading.default\">\n\t\t\t\t\t<h3 class=\"elementor-heading-title elementor-size-default\">Durch innere F\u00fclle Deine Wirklichkeit neu erschaffen<\/h3>\t\t\t\t<\/div>\n\t\t\t\t<div class=\"elementor-element elementor-element-147fa17 elementor-widget elementor-widget-text-editor\" data-id=\"147fa17\" data-element_type=\"widget\" data-e-type=\"widget\" data-widget_type=\"text-editor.default\">\n\t\t\t\t\t\t\t\t\t<p>Ein Retreat in Malaga mit Marcel H\u00fcbenthal, Marianne Kleinfercher und Nicole Dre\u00dfen<\/p>\t\t\t\t\t\t\t\t<\/div>\n\t\t\t\t\t<\/div>\n\t\t<\/div>\n\t\t\t\t\t<\/div>\n\t\t<\/section>\n\t\t\t\t<section class=\"elementor-section elementor-top-section elementor-element elementor-element-31b6813 elementor-section-boxed elementor-section-height-default elementor-section-height-default elementor-invisible\" data-id=\"31b6813\" data-element_type=\"section\" data-e-type=\"section\" data-settings=\"{&quot;animation&quot;:&quot;fadeInLeft&quot;}\">\n\t\t\t\t\t\t<div class=\"elementor-container elementor-column-gap-default\">\n\t\t\t\t\t<div class=\"elementor-column elementor-col-100 elementor-top-column elementor-element elementor-element-ab31111\" data-id=\"ab31111\" data-element_type=\"column\" data-e-type=\"column\">\n\t\t\t<div class=\"elementor-widget-wrap elementor-element-populated\">\n\t\t\t\t\t\t<div class=\"elementor-element elementor-element-e35b74c elementor-widget elementor-widget-text-editor\" data-id=\"e35b74c\" data-element_type=\"widget\" data-e-type=\"widget\" data-widget_type=\"text-editor.default\">\n\t\t\t\t\t\t\t\t\t<p>Hast Du den Wunsch, Dich noch mehr in Deiner Pers\u00f6nlichkeit zu entfalten? Den Blickwinkel auf Dein Leben zu erweitern und stark und selbstbewusst in Deinem Sein zu stehen? Dann komm mit uns auf eine transformierende Reise zu Dir selbst \u2013 dorthin, wo Du Dein volles Potential lebst, wo Dein \u00c4u\u00dferes mit Deinem Inneren, Dein Herz mit Deinem Verstand resoniert, wo Du etwas Gr\u00f6\u00dferes in die Welt bringst und damit zur\u00fcck zum Ursprung Deines Seins kommst.<\/p>\t\t\t\t\t\t\t\t<\/div>\n\t\t\t\t<div class=\"elementor-element elementor-element-03d9ae2 elementor-widget elementor-widget-text-editor\" data-id=\"03d9ae2\" data-element_type=\"widget\" data-e-type=\"widget\" data-widget_type=\"text-editor.default\">\n\t\t\t\t\t\t\t\t\t<p>Marianne und Marcel leiten Dich mit Vorf\u00fchrungen, Gruppen- und Einzel\u00fcbungen, Ritualen, Meditationen und spannenden theoretischen Inhalten durch diese gemeinsame Woche. Das Retreat wird begleitet von morgendlichen und abendlichen Yoga- und Meditationssessions mit Nicole. Das Yoga ist mit den Inhalten verkn\u00fcpft und unterst\u00fctzt Dich dabei, dass alles zu einem gro\u00dfen Ganzen verschmelzen kann. Mit diesem Dreiklang aus Coaching, Yoga und Meditation hilfst du Deinem K\u00f6rper, Geist und Seele blinde Flecken und nicht mehr dienliche Muster aufzudecken und Dich vom Schatten zur\u00fcckliegender Anstrengung zu befreien. Verabschieden und Loslassen werden mit einem gemeinschaftlichen Ritual zelebriert, so dass ein neuer, freier Raum in Dir entsteht, der im Folgenden mit Neuem und Wertvollen angef\u00fchlt werden kann. Dazu wirst Du angeleitet, Deine tiefste Vision zu heben und Dich mit Deinen neu aktivierten emotionalen F\u00e4higkeiten kraftvoll, stark, kompetent, liebevoll und mitf\u00fchlend zu entfalten. Aus der neuen F\u00fclle heraus, kannst Du auch Deine Wirklichkeit ganz neu erleben und frei nach Deinen W\u00fcnschen gestalten.<\/p>\t\t\t\t\t\t\t\t<\/div>\n\t\t\t\t\t<\/div>\n\t\t<\/div>\n\t\t\t\t\t<\/div>\n\t\t<\/section>\n\t\t\t\t<section class=\"elementor-section elementor-top-section elementor-element elementor-element-3912460 elementor-section-boxed elementor-section-height-default elementor-section-height-default elementor-invisible\" data-id=\"3912460\" data-element_type=\"section\" data-e-type=\"section\" data-settings=\"{&quot;animation&quot;:&quot;zoomInDown&quot;}\">\n\t\t\t\t\t\t<div class=\"elementor-container elementor-column-gap-default\">\n\t\t\t\t\t<div class=\"elementor-column elementor-col-100 elementor-top-column elementor-element elementor-element-b3c7c68\" data-id=\"b3c7c68\" data-element_type=\"column\" data-e-type=\"column\">\n\t\t\t<div class=\"elementor-widget-wrap elementor-element-populated\">\n\t\t\t\t\t\t<div class=\"elementor-element elementor-element-d880065 elementor-widget elementor-widget-text-editor\" data-id=\"d880065\" data-element_type=\"widget\" data-e-type=\"widget\" data-widget_type=\"text-editor.default\">\n\t\t\t\t\t\t\t\t\t<p><strong>Das Retreat ist f\u00fcr Dich, &#8230;<\/strong><\/p>\t\t\t\t\t\t\t\t<\/div>\n\t\t\t\t<div class=\"elementor-element elementor-element-69c1583 elementor-widget elementor-widget-text-editor\" data-id=\"69c1583\" data-element_type=\"widget\" data-e-type=\"widget\" data-widget_type=\"text-editor.default\">\n\t\t\t\t\t\t\t\t\t<p>wenn Du sp\u00fcrst, dass es an der Zeit ist, etwas Gr\u00f6\u00dferes und Neues in Dir und f\u00fcr Dein Leben zu erschaffen. Du m\u00f6chtest Dein Bewusstsein erweitern und die Weisheit daraus mit jeder Zelle und f\u00fcr alle in allen Lebensbereichen erfahren? Dann ist dieses Retreat genau richtig f\u00fcr Dich!<\/p>\t\t\t\t\t\t\t\t<\/div>\n\t\t\t\t\t<\/div>\n\t\t<\/div>\n\t\t\t\t\t<\/div>\n\t\t<\/section>\n\t\t\t\t<section class=\"elementor-section elementor-top-section elementor-element elementor-element-3ac7f9f elementor-section-boxed elementor-section-height-default elementor-section-height-default elementor-invisible\" data-id=\"3ac7f9f\" data-element_type=\"section\" data-e-type=\"section\" data-settings=\"{&quot;animation&quot;:&quot;zoomInDown&quot;}\">\n\t\t\t\t\t\t<div class=\"elementor-container elementor-column-gap-default\">\n\t\t\t\t\t<div class=\"elementor-column elementor-col-100 elementor-top-column elementor-element elementor-element-686fdc2\" data-id=\"686fdc2\" data-element_type=\"column\" data-e-type=\"column\">\n\t\t\t<div class=\"elementor-widget-wrap elementor-element-populated\">\n\t\t\t\t\t\t<div class=\"elementor-element elementor-element-352cc8c elementor-widget elementor-widget-text-editor\" data-id=\"352cc8c\" data-element_type=\"widget\" data-e-type=\"widget\" data-widget_type=\"text-editor.default\">\n\t\t\t\t\t\t\t\t\t<p><strong>Dein Schatz<\/strong><\/p>\t\t\t\t\t\t\t\t<\/div>\n\t\t\t\t<div class=\"elementor-element elementor-element-8befa1a elementor-widget elementor-widget-text-editor\" data-id=\"8befa1a\" data-element_type=\"widget\" data-e-type=\"widget\" data-widget_type=\"text-editor.default\">\n\t\t\t\t\t\t\t\t\t<p>Mit dem Retreat \u201eCreate a larger Life\u201c legst du den Grundstein f\u00fcr Deine tiefgehendes, pers\u00f6nliches Wachstum. Durch Fokussierung und K\u00f6rperbewusstsein sowie Achtsamkeit verankerst Du in Dir eine kraftvolle Ruhe und sch\u00f6pfst neue Inspiration f\u00fcr Deinen Alltag.<\/p>\t\t\t\t\t\t\t\t<\/div>\n\t\t\t\t\t<\/div>\n\t\t<\/div>\n\t\t\t\t\t<\/div>\n\t\t<\/section>\n\t\t\t\t<section class=\"elementor-section elementor-top-section elementor-element elementor-element-4e6dd5e elementor-section-boxed elementor-section-height-default elementor-section-height-default elementor-invisible\" data-id=\"4e6dd5e\" data-element_type=\"section\" data-e-type=\"section\" data-settings=\"{&quot;animation&quot;:&quot;zoomInUp&quot;}\">\n\t\t\t\t\t\t<div class=\"elementor-container elementor-column-gap-default\">\n\t\t\t\t\t<div class=\"elementor-column elementor-col-100 elementor-top-column elementor-element elementor-element-171833a\" data-id=\"171833a\" data-element_type=\"column\" data-e-type=\"column\">\n\t\t\t<div class=\"elementor-widget-wrap elementor-element-populated\">\n\t\t\t\t\t\t<div class=\"elementor-element elementor-element-2459687 elementor-widget elementor-widget-text-editor\" data-id=\"2459687\" data-element_type=\"widget\" data-e-type=\"widget\" data-widget_type=\"text-editor.default\">\n\t\t\t\t\t\t\t\t\t<p><strong>Retreat Leitung<\/strong><\/p>\t\t\t\t\t\t\t\t<\/div>\n\t\t\t\t<div class=\"elementor-element elementor-element-d738ee6 elementor-invisible elementor-widget elementor-widget-image\" data-id=\"d738ee6\" data-element_type=\"widget\" data-e-type=\"widget\" data-settings=\"{&quot;_animation&quot;:&quot;fadeInRight&quot;}\" data-widget_type=\"image.default\">\n\t\t\t\t\t\t\t\t\t\t\t\t\t\t\t\t<a href=\"https:\/\/fincaelmorisco.com\/wp-content\/uploads\/2022\/08\/systemisches-retreat.jpg\" data-elementor-open-lightbox=\"yes\" data-elementor-lightbox-title=\"2024 systemisches-retreat\" data-e-action-hash=\"#elementor-action%3Aaction%3Dlightbox%26settings%3DeyJpZCI6MTE4NDMsInVybCI6Imh0dHBzOlwvXC9maW5jYWVsbW9yaXNjby5jb21cL3dwLWNvbnRlbnRcL3VwbG9hZHNcLzIwMjJcLzA4XC9zeXN0ZW1pc2NoZXMtcmV0cmVhdC5qcGcifQ%3D%3D\">\n\t\t\t\t\t\t\t<img fetchpriority=\"high\" decoding=\"async\" width=\"1981\" height=\"859\" src=\"https:\/\/fincaelmorisco.com\/wp-content\/uploads\/2022\/08\/systemisches-retreat.jpg\" class=\"attachment-2048x2048 size-2048x2048 wp-image-11843\" alt=\"\" srcset=\"https:\/\/fincaelmorisco.com\/wp-content\/uploads\/2022\/08\/systemisches-retreat.jpg 1981w, https:\/\/fincaelmorisco.com\/wp-content\/uploads\/2022\/08\/systemisches-retreat-300x130.jpg 300w, https:\/\/fincaelmorisco.com\/wp-content\/uploads\/2022\/08\/systemisches-retreat-1024x444.jpg 1024w, https:\/\/fincaelmorisco.com\/wp-content\/uploads\/2022\/08\/systemisches-retreat-768x333.jpg 768w, https:\/\/fincaelmorisco.com\/wp-content\/uploads\/2022\/08\/systemisches-retreat-1536x666.jpg 1536w\" sizes=\"(max-width: 1981px) 100vw, 1981px\" \/>\t\t\t\t\t\t\t\t<\/a>\n\t\t\t\t\t\t\t\t\t\t\t\t\t\t\t<\/div>\n\t\t\t\t\t<\/div>\n\t\t<\/div>\n\t\t\t\t\t<\/div>\n\t\t<\/section>\n\t\t\t\t<section class=\"elementor-section elementor-top-section elementor-element elementor-element-0cbcb5f animated-slow elementor-section-boxed elementor-section-height-default elementor-section-height-default elementor-invisible\" data-id=\"0cbcb5f\" data-element_type=\"section\" data-e-type=\"section\" data-settings=\"{&quot;animation&quot;:&quot;bounceInDown&quot;}\">\n\t\t\t\t\t\t<div class=\"elementor-container elementor-column-gap-default\">\n\t\t\t\t\t<div class=\"elementor-column elementor-col-100 elementor-top-column elementor-element elementor-element-a4912f1\" data-id=\"a4912f1\" data-element_type=\"column\" data-e-type=\"column\">\n\t\t\t<div class=\"elementor-widget-wrap elementor-element-populated\">\n\t\t\t\t\t\t<div class=\"elementor-element elementor-element-6ba1c83 elementor-widget elementor-widget-spacer\" data-id=\"6ba1c83\" data-element_type=\"widget\" data-e-type=\"widget\" data-widget_type=\"spacer.default\">\n\t\t\t\t\t\t\t<div class=\"elementor-spacer\">\n\t\t\t<div class=\"elementor-spacer-inner\"><\/div>\n\t\t<\/div>\n\t\t\t\t\t\t<\/div>\n\t\t\t\t<section class=\"elementor-section elementor-inner-section elementor-element elementor-element-98ecfab elementor-section-boxed elementor-section-height-default elementor-section-height-default\" data-id=\"98ecfab\" data-element_type=\"section\" data-e-type=\"section\">\n\t\t\t\t\t\t<div class=\"elementor-container elementor-column-gap-default\">\n\t\t\t\t\t<div class=\"elementor-column elementor-col-50 elementor-inner-column elementor-element elementor-element-2581b07\" data-id=\"2581b07\" data-element_type=\"column\" data-e-type=\"column\">\n\t\t\t<div class=\"elementor-widget-wrap elementor-element-populated\">\n\t\t\t\t\t\t<div class=\"elementor-element elementor-element-bab07dd elementor-widget elementor-widget-image\" data-id=\"bab07dd\" data-element_type=\"widget\" data-e-type=\"widget\" data-widget_type=\"image.default\">\n\t\t\t\t\t\t\t\t\t\t\t\t\t\t\t\t<a href=\"https:\/\/fincaelmorisco.com\/wp-content\/uploads\/2022\/08\/marcel-huebenthal-dozent-isk.jpg\" data-elementor-open-lightbox=\"yes\" data-elementor-lightbox-title=\"2024 marcel-huebenthal\" data-e-action-hash=\"#elementor-action%3Aaction%3Dlightbox%26settings%3DeyJpZCI6MTE4NzksInVybCI6Imh0dHBzOlwvXC9maW5jYWVsbW9yaXNjby5jb21cL3dwLWNvbnRlbnRcL3VwbG9hZHNcLzIwMjJcLzA4XC9tYXJjZWwtaHVlYmVudGhhbC1kb3plbnQtaXNrLmpwZyJ9\">\n\t\t\t\t\t\t\t<img decoding=\"async\" width=\"480\" height=\"640\" src=\"https:\/\/fincaelmorisco.com\/wp-content\/uploads\/2022\/08\/marcel-huebenthal-dozent-isk.jpg\" class=\"attachment-large size-large wp-image-11879\" alt=\"\" srcset=\"https:\/\/fincaelmorisco.com\/wp-content\/uploads\/2022\/08\/marcel-huebenthal-dozent-isk.jpg 480w, https:\/\/fincaelmorisco.com\/wp-content\/uploads\/2022\/08\/marcel-huebenthal-dozent-isk-225x300.jpg 225w\" sizes=\"(max-width: 480px) 100vw, 480px\" \/>\t\t\t\t\t\t\t\t<\/a>\n\t\t\t\t\t\t\t\t\t\t\t\t\t\t\t<\/div>\n\t\t\t\t\t<\/div>\n\t\t<\/div>\n\t\t\t\t<div class=\"elementor-column elementor-col-50 elementor-inner-column elementor-element elementor-element-410283f\" data-id=\"410283f\" data-element_type=\"column\" data-e-type=\"column\">\n\t\t\t<div class=\"elementor-widget-wrap elementor-element-populated\">\n\t\t\t\t\t\t<div class=\"elementor-element elementor-element-6a02b45 elementor-widget elementor-widget-text-editor\" data-id=\"6a02b45\" data-element_type=\"widget\" data-e-type=\"widget\" data-widget_type=\"text-editor.default\">\n\t\t\t\t\t\t\t\t\t<p><b>Marcel H\u00fcbenthal<\/b><\/p><p>Marcel ist Systemiker mit Leib und Seele und arbeitet als Systemischer Coach, Team- und Organisationsentwickler. Seine gr\u00f6\u00dfte Passion ist der Ansatz, wie neue Wirklichkeiten und Realit\u00e4ten entstehen k\u00f6nnen, so dass erf\u00fclltes und potentialgenutztes Leben m\u00f6glich ist. Marcel tr\u00e4gt eine tiefe \u00dcberzeugung f\u00fcr das Gute im Menschen und f\u00fcr weitreichende Ver\u00e4nderungsm\u00f6glichkeiten in sich, was ihn zum idealen Partner f\u00fcr Transformation macht.<\/p>\t\t\t\t\t\t\t\t<\/div>\n\t\t\t\t\t<\/div>\n\t\t<\/div>\n\t\t\t\t\t<\/div>\n\t\t<\/section>\n\t\t\t\t<section class=\"elementor-section elementor-inner-section elementor-element elementor-element-f297f63 elementor-section-boxed elementor-section-height-default elementor-section-height-default\" data-id=\"f297f63\" data-element_type=\"section\" data-e-type=\"section\">\n\t\t\t\t\t\t<div class=\"elementor-container elementor-column-gap-default\">\n\t\t\t\t\t<div class=\"elementor-column elementor-col-50 elementor-inner-column elementor-element elementor-element-e2e40c4\" data-id=\"e2e40c4\" data-element_type=\"column\" data-e-type=\"column\">\n\t\t\t<div class=\"elementor-widget-wrap elementor-element-populated\">\n\t\t\t\t\t\t<div class=\"elementor-element elementor-element-5ba2c40 elementor-widget elementor-widget-text-editor\" data-id=\"5ba2c40\" data-element_type=\"widget\" data-e-type=\"widget\" data-widget_type=\"text-editor.default\">\n\t\t\t\t\t\t\t\t\t<p><b>Marianne Kleinfercher<\/b><\/p><p>Marianne ist ebenfalls von ganzem Herzen Systemikerin und lebt diese Passion als Systemische Coach, Team- und Organisationsentwicklerin. Sie sieht Menschen in ihrer Ganzheitlichkeit, Individualit\u00e4t und Komplexit\u00e4t und begleitet sie auf wertsch\u00e4tzende Weise auf ihren individuellen Entwicklungswegen. Marianne hat die besondere F\u00e4higkeit, mit ihrem ganzen Sein und Herzen einzigartige Transformationsprozesse von Menschen zu aktivieren.<\/p>\t\t\t\t\t\t\t\t<\/div>\n\t\t\t\t\t<\/div>\n\t\t<\/div>\n\t\t\t\t<div class=\"elementor-column elementor-col-50 elementor-inner-column elementor-element elementor-element-5534f28\" data-id=\"5534f28\" data-element_type=\"column\" data-e-type=\"column\">\n\t\t\t<div class=\"elementor-widget-wrap elementor-element-populated\">\n\t\t\t\t\t\t<div class=\"elementor-element elementor-element-30729f8 elementor-widget elementor-widget-image\" data-id=\"30729f8\" data-element_type=\"widget\" data-e-type=\"widget\" data-widget_type=\"image.default\">\n\t\t\t\t\t\t\t\t\t\t\t\t\t\t\t\t<a href=\"https:\/\/fincaelmorisco.com\/wp-content\/uploads\/2022\/08\/isk_marianne_kleinfercher.jpg\" data-elementor-open-lightbox=\"yes\" data-elementor-lightbox-title=\"2024_marianne_kleinfercher\" data-e-action-hash=\"#elementor-action%3Aaction%3Dlightbox%26settings%3DeyJpZCI6MTE4ODEsInVybCI6Imh0dHBzOlwvXC9maW5jYWVsbW9yaXNjby5jb21cL3dwLWNvbnRlbnRcL3VwbG9hZHNcLzIwMjJcLzA4XC9pc2tfbWFyaWFubmVfa2xlaW5mZXJjaGVyLmpwZyJ9\">\n\t\t\t\t\t\t\t<img decoding=\"async\" width=\"480\" height=\"640\" src=\"https:\/\/fincaelmorisco.com\/wp-content\/uploads\/2022\/08\/isk_marianne_kleinfercher.jpg\" class=\"attachment-large size-large wp-image-11881\" alt=\"\" srcset=\"https:\/\/fincaelmorisco.com\/wp-content\/uploads\/2022\/08\/isk_marianne_kleinfercher.jpg 480w, https:\/\/fincaelmorisco.com\/wp-content\/uploads\/2022\/08\/isk_marianne_kleinfercher-225x300.jpg 225w\" sizes=\"(max-width: 480px) 100vw, 480px\" \/>\t\t\t\t\t\t\t\t<\/a>\n\t\t\t\t\t\t\t\t\t\t\t\t\t\t\t<\/div>\n\t\t\t\t\t<\/div>\n\t\t<\/div>\n\t\t\t\t\t<\/div>\n\t\t<\/section>\n\t\t\t\t<section class=\"elementor-section elementor-inner-section elementor-element elementor-element-fd0d52e elementor-section-boxed elementor-section-height-default elementor-section-height-default\" data-id=\"fd0d52e\" data-element_type=\"section\" data-e-type=\"section\">\n\t\t\t\t\t\t<div class=\"elementor-container elementor-column-gap-default\">\n\t\t\t\t\t<div class=\"elementor-column elementor-col-50 elementor-inner-column elementor-element elementor-element-15864e7\" data-id=\"15864e7\" data-element_type=\"column\" data-e-type=\"column\">\n\t\t\t<div class=\"elementor-widget-wrap elementor-element-populated\">\n\t\t\t\t\t\t<div class=\"elementor-element elementor-element-9cd90ee elementor-widget elementor-widget-image\" data-id=\"9cd90ee\" data-element_type=\"widget\" data-e-type=\"widget\" data-widget_type=\"image.default\">\n\t\t\t\t\t\t\t\t\t\t\t\t\t\t\t\t<a href=\"https:\/\/fincaelmorisco.com\/wp-content\/uploads\/2022\/08\/isk-retreat-nicole-dressen.jpg\" data-elementor-open-lightbox=\"yes\" data-elementor-lightbox-title=\"2024\" data-e-action-hash=\"#elementor-action%3Aaction%3Dlightbox%26settings%3DeyJpZCI6MTE4ODMsInVybCI6Imh0dHBzOlwvXC9maW5jYWVsbW9yaXNjby5jb21cL3dwLWNvbnRlbnRcL3VwbG9hZHNcLzIwMjJcLzA4XC9pc2stcmV0cmVhdC1uaWNvbGUtZHJlc3Nlbi5qcGcifQ%3D%3D\">\n\t\t\t\t\t\t\t<img loading=\"lazy\" decoding=\"async\" width=\"1024\" height=\"1024\" src=\"https:\/\/fincaelmorisco.com\/wp-content\/uploads\/2022\/08\/isk-retreat-nicole-dressen-1024x1024.jpg\" class=\"attachment-large size-large wp-image-11883\" alt=\"\" srcset=\"https:\/\/fincaelmorisco.com\/wp-content\/uploads\/2022\/08\/isk-retreat-nicole-dressen-1024x1024.jpg 1024w, https:\/\/fincaelmorisco.com\/wp-content\/uploads\/2022\/08\/isk-retreat-nicole-dressen-300x300.jpg 300w, https:\/\/fincaelmorisco.com\/wp-content\/uploads\/2022\/08\/isk-retreat-nicole-dressen-150x150.jpg 150w, https:\/\/fincaelmorisco.com\/wp-content\/uploads\/2022\/08\/isk-retreat-nicole-dressen-768x768.jpg 768w, https:\/\/fincaelmorisco.com\/wp-content\/uploads\/2022\/08\/isk-retreat-nicole-dressen-570x570.jpg 570w, https:\/\/fincaelmorisco.com\/wp-content\/uploads\/2022\/08\/isk-retreat-nicole-dressen-380x380.jpg 380w, https:\/\/fincaelmorisco.com\/wp-content\/uploads\/2022\/08\/isk-retreat-nicole-dressen-285x285.jpg 285w, https:\/\/fincaelmorisco.com\/wp-content\/uploads\/2022\/08\/isk-retreat-nicole-dressen.jpg 1280w\" sizes=\"(max-width: 1024px) 100vw, 1024px\" \/>\t\t\t\t\t\t\t\t<\/a>\n\t\t\t\t\t\t\t\t\t\t\t\t\t\t\t<\/div>\n\t\t\t\t\t<\/div>\n\t\t<\/div>\n\t\t\t\t<div class=\"elementor-column elementor-col-50 elementor-inner-column elementor-element elementor-element-57803b7\" data-id=\"57803b7\" data-element_type=\"column\" data-e-type=\"column\">\n\t\t\t<div class=\"elementor-widget-wrap elementor-element-populated\">\n\t\t\t\t\t\t<div class=\"elementor-element elementor-element-350c383 elementor-widget elementor-widget-text-editor\" data-id=\"350c383\" data-element_type=\"widget\" data-e-type=\"widget\" data-widget_type=\"text-editor.default\">\n\t\t\t\t\t\t\t\t\t<p><b>Nicole Dre\u00dfen<\/b><\/p><p>Nicole besch\u00e4ftigt sich seit vielen Jahren mit verschiedenen Yogastilen und unterrichtet Yoga Stunden, Workshops und Retreats. Sie leitet zudem seit 12 Jahren ihr eigenes Yogastudio. Ihre Sch\u00fclerInnen beschreiben ihren Unterrichtsstil als harmonisch und herausfordernd, jedoch immer durchflutet von Leichtigkeit und Liebe f\u00fcrs Detail. Nicoles Herzensthemen sind Biodynamic, Yin Yoga, Yoga Thai Massage, Yoga Nidra, Atem Therapie und Klang.<\/p>\t\t\t\t\t\t\t\t<\/div>\n\t\t\t\t\t<\/div>\n\t\t<\/div>\n\t\t\t\t\t<\/div>\n\t\t<\/section>\n\t\t\t\t\t<\/div>\n\t\t<\/div>\n\t\t\t\t\t<\/div>\n\t\t<\/section>\n\t\t\t\t<section class=\"elementor-section elementor-top-section elementor-element elementor-element-242f806 elementor-section-boxed elementor-section-height-default elementor-section-height-default\" data-id=\"242f806\" data-element_type=\"section\" data-e-type=\"section\">\n\t\t\t\t\t\t<div class=\"elementor-container elementor-column-gap-default\">\n\t\t\t\t\t<div class=\"elementor-column elementor-col-100 elementor-top-column elementor-element elementor-element-da1e7df\" data-id=\"da1e7df\" data-element_type=\"column\" data-e-type=\"column\">\n\t\t\t<div class=\"elementor-widget-wrap elementor-element-populated\">\n\t\t\t\t\t\t<div class=\"elementor-element elementor-element-d965456 elementor-widget elementor-widget-text-editor\" data-id=\"d965456\" data-element_type=\"widget\" data-e-type=\"widget\" data-widget_type=\"text-editor.default\">\n\t\t\t\t\t\t\t\t\t<p><strong>Datum<br \/><\/strong>03.03. \u2013 10.03.2024<\/p>\t\t\t\t\t\t\t\t<\/div>\n\t\t\t\t\t<\/div>\n\t\t<\/div>\n\t\t\t\t\t<\/div>\n\t\t<\/section>\n\t\t\t\t<section class=\"elementor-section elementor-top-section elementor-element elementor-element-91fe10e elementor-section-boxed elementor-section-height-default elementor-section-height-default\" data-id=\"91fe10e\" data-element_type=\"section\" data-e-type=\"section\">\n\t\t\t\t\t\t<div class=\"elementor-container elementor-column-gap-default\">\n\t\t\t\t\t<div class=\"elementor-column elementor-col-100 elementor-top-column elementor-element elementor-element-69c6964\" data-id=\"69c6964\" data-element_type=\"column\" data-e-type=\"column\">\n\t\t\t<div class=\"elementor-widget-wrap elementor-element-populated\">\n\t\t\t\t\t\t<div class=\"elementor-element elementor-element-a590d67 elementor-widget elementor-widget-text-editor\" data-id=\"a590d67\" data-element_type=\"widget\" data-e-type=\"widget\" data-widget_type=\"text-editor.default\">\n\t\t\t\t\t\t\t\t\t<p><strong>Unterkunft<\/strong><\/p><p>Die \u201eFinca el Morisco\u201c ist ein gr\u00fcnes Paradies, ein Ort der Ruhe und Entspannung. Das Haus bietet alles, was zu einer angenehmen Atmosph\u00e4re beitr\u00e4gt: veganes\/ vegetarisches B\u00fcfett, Pool, Sauna, Garten der Sinne, Meerblick und der Strand mit seinen Caf\u00e9s und Einkaufsm\u00f6glichkeiten ist nur ca. 20 Geh-Minuten entfernt.<\/p>\t\t\t\t\t\t\t\t<\/div>\n\t\t\t\t<div class=\"elementor-element elementor-element-6fb3df9 elementor-widget elementor-widget-text-editor\" data-id=\"6fb3df9\" data-element_type=\"widget\" data-e-type=\"widget\" data-widget_type=\"text-editor.default\">\n\t\t\t\t\t\t\t\t\t<p><strong>Deine Investition in Dich:<\/strong><\/p><p>8 Tage, davon 6 Tage Programm inkl. Yoga<br \/>EUR 1.750,- zzgl. 21% MwSt.<\/p><p>zzgl. Unterkunft inkl. Vollverpflegung &amp; Getr\u00e4nke:<\/p><p>im DZ: EUR 650,-<br \/>im EZ: EUR 755,-<\/p><p>zzgl. Anreise \/ Flug<br \/>Es wird ein kostenfreier Flughafentransfer (sonntags 7:00 \u2013 17:00 Uhr) angeboten.<\/p>\t\t\t\t\t\t\t\t<\/div>\n\t\t\t\t\t<\/div>\n\t\t<\/div>\n\t\t\t\t\t<\/div>\n\t\t<\/section>\n\t\t\t\t<section class=\"elementor-section elementor-top-section elementor-element elementor-element-a9c9f18 elementor-section-boxed elementor-section-height-default elementor-section-height-default\" data-id=\"a9c9f18\" data-element_type=\"section\" data-e-type=\"section\">\n\t\t\t\t\t\t<div class=\"elementor-container elementor-column-gap-default\">\n\t\t\t\t\t<div class=\"elementor-column elementor-col-100 elementor-top-column elementor-element elementor-element-ea16b7e\" data-id=\"ea16b7e\" data-element_type=\"column\" data-e-type=\"column\">\n\t\t\t<div class=\"elementor-widget-wrap elementor-element-populated\">\n\t\t\t\t\t\t<div class=\"elementor-element elementor-element-d393197 elementor-widget elementor-widget-text-editor\" data-id=\"d393197\" data-element_type=\"widget\" data-e-type=\"widget\" data-widget_type=\"text-editor.default\">\n\t\t\t\t\t\t\t\t\t<p>Weitere Infos zum Retreat und das detaillierte Programm erh\u00e4ltst Du \u00fcber: <br \/><a href=\"https:\/\/institut-systemische-kompetenz.com\/create-a-larger-life\/\" target=\"_blank\" rel=\"noopener\">https:\/\/institut-systemische-kompetenz.com\/create-a-larger-life\/<\/a><\/p><p>F\u00fcr Fragen stehen wir Dir gern zur Verf\u00fcgung: Mail: <a href=\"mailto:info@institut-systemische-kompetenz.com\">info@institut-systemische-kompetenz.com<\/a> oder Tel. +49 (0)30 4705 2260<\/p>\t\t\t\t\t\t\t\t<\/div>\n\t\t\t\t\t<\/div>\n\t\t<\/div>\n\t\t\t\t\t<\/div>\n\t\t<\/section>\n\t\t\t\t<\/div>\n\t\t","protected":false},"excerpt":{"rendered":"<p>3.3. bis 10.3.2024 CREATE A LARGER LIFE Durch innere F\u00fclle Deine Wirklichkeit neu erschaffen Ein Retreat in Malaga mit Marcel H\u00fcbenthal, Marianne Kleinfercher und Nicole Dre\u00dfen Hast Du den Wunsch, Dich noch mehr in Deiner Pers\u00f6nlichkeit zu entfalten? Den Blickwinkel <a class=\"more-link\" href=\"https:\/\/fincaelmorisco.com\/?p=11833\">weiterlesen&#8230;<\/a><\/p>\n","protected":false},"author":1,"featured_media":13580,"comment_status":"closed","ping_status":"closed","sticky":false,"template":"","format":"standard","meta":{"_exactmetrics_skip_tracking":false,"_exactmetrics_sitenote_active":false,"_exactmetrics_sitenote_note":"","_exactmetrics_sitenote_category":0,"footnotes":""},"categories":[15],"tags":[],"class_list":["post-11833","post","type-post","status-publish","format-standard","has-post-thumbnail","hentry","category-programm"],"yoast_head":"<!-- This site is optimized with the Yoast SEO plugin v27.5 - https:\/\/yoast.com\/product\/yoast-seo-wordpress\/ -->\n<title>CREATE A LARGER LIFE - Finca el Morisco<\/title>\n<meta name=\"description\" content=\"Ein neuer Kurs auf der Finca el Morisco, Dein Yogaurlaubsziel in Andalusien. Vegane und vegetarische Vollpension. Pool, Sauna, Meer, Sonne....\" \/>\n<meta name=\"robots\" content=\"index, follow, max-snippet:-1, max-image-preview:large, max-video-preview:-1\" \/>\n<link rel=\"canonical\" href=\"https:\/\/fincaelmorisco.com\/?p=11833\" \/>\n<meta property=\"og:locale\" content=\"de_DE\" \/>\n<meta property=\"og:type\" content=\"article\" \/>\n<meta property=\"og:title\" content=\"CREATE A LARGER LIFE - Finca el Morisco\" \/>\n<meta property=\"og:description\" content=\"Ein neuer Kurs auf der Finca el Morisco, Dein Yogaurlaubsziel in Andalusien. Vegane und vegetarische Vollpension. Pool, Sauna, Meer, Sonne....\" \/>\n<meta property=\"og:url\" content=\"https:\/\/fincaelmorisco.com\/?p=11833\" \/>\n<meta property=\"og:site_name\" content=\"Finca el Morisco\" \/>\n<meta property=\"article:published_time\" content=\"2022-08-06T10:56:11+00:00\" \/>\n<meta property=\"article:modified_time\" content=\"2023-08-02T17:44:53+00:00\" \/>\n<meta property=\"og:image\" content=\"https:\/\/fincaelmorisco.com\/wp-content\/uploads\/2022\/08\/AdobeStock_379357622-2048x1312-1.jpeg\" \/>\n\t<meta property=\"og:image:width\" content=\"1024\" \/>\n\t<meta property=\"og:image:height\" content=\"363\" \/>\n\t<meta property=\"og:image:type\" content=\"image\/jpeg\" \/>\n<meta name=\"author\" content=\"Finca El Morisco\" \/>\n<meta name=\"twitter:card\" content=\"summary_large_image\" \/>\n<meta name=\"twitter:label1\" content=\"Verfasst von\" \/>\n\t<meta name=\"twitter:data1\" content=\"\" \/>\n\t<meta name=\"twitter:label2\" content=\"Gesch\u00e4tzte Lesezeit\" \/>\n\t<meta name=\"twitter:data2\" content=\"5\u00a0Minuten\" \/>\n<script type=\"application\/ld+json\" class=\"yoast-schema-graph\">{\"@context\":\"https:\\\/\\\/schema.org\",\"@graph\":[{\"@type\":\"Article\",\"@id\":\"https:\\\/\\\/fincaelmorisco.com\\\/?p=11833#article\",\"isPartOf\":{\"@id\":\"https:\\\/\\\/fincaelmorisco.com\\\/?p=11833\"},\"author\":{\"name\":\"Finca El Morisco\",\"@id\":\"https:\\\/\\\/fincaelmorisco.com\\\/#\\\/schema\\\/person\\\/514dfb93478c8e8ea012c3c2779bc906\"},\"headline\":\"CREATE A LARGER LIFE\",\"datePublished\":\"2022-08-06T10:56:11+00:00\",\"dateModified\":\"2023-08-02T17:44:53+00:00\",\"mainEntityOfPage\":{\"@id\":\"https:\\\/\\\/fincaelmorisco.com\\\/?p=11833\"},\"wordCount\":700,\"publisher\":{\"@id\":\"https:\\\/\\\/fincaelmorisco.com\\\/#organization\"},\"image\":{\"@id\":\"https:\\\/\\\/fincaelmorisco.com\\\/?p=11833#primaryimage\"},\"thumbnailUrl\":\"https:\\\/\\\/fincaelmorisco.com\\\/wp-content\\\/uploads\\\/2022\\\/08\\\/AdobeStock_379357622-2048x1312-1.jpeg\",\"articleSection\":[\"Programm\"],\"inLanguage\":\"de\"},{\"@type\":\"WebPage\",\"@id\":\"https:\\\/\\\/fincaelmorisco.com\\\/?p=11833\",\"url\":\"https:\\\/\\\/fincaelmorisco.com\\\/?p=11833\",\"name\":\"CREATE A LARGER LIFE - Finca el Morisco\",\"isPartOf\":{\"@id\":\"https:\\\/\\\/fincaelmorisco.com\\\/#website\"},\"primaryImageOfPage\":{\"@id\":\"https:\\\/\\\/fincaelmorisco.com\\\/?p=11833#primaryimage\"},\"image\":{\"@id\":\"https:\\\/\\\/fincaelmorisco.com\\\/?p=11833#primaryimage\"},\"thumbnailUrl\":\"https:\\\/\\\/fincaelmorisco.com\\\/wp-content\\\/uploads\\\/2022\\\/08\\\/AdobeStock_379357622-2048x1312-1.jpeg\",\"datePublished\":\"2022-08-06T10:56:11+00:00\",\"dateModified\":\"2023-08-02T17:44:53+00:00\",\"description\":\"Ein neuer Kurs auf der Finca el Morisco, Dein Yogaurlaubsziel in Andalusien. Vegane und vegetarische Vollpension. Pool, Sauna, Meer, Sonne....\",\"breadcrumb\":{\"@id\":\"https:\\\/\\\/fincaelmorisco.com\\\/?p=11833#breadcrumb\"},\"inLanguage\":\"de\",\"potentialAction\":[{\"@type\":\"ReadAction\",\"target\":[\"https:\\\/\\\/fincaelmorisco.com\\\/?p=11833\"]}]},{\"@type\":\"ImageObject\",\"inLanguage\":\"de\",\"@id\":\"https:\\\/\\\/fincaelmorisco.com\\\/?p=11833#primaryimage\",\"url\":\"https:\\\/\\\/fincaelmorisco.com\\\/wp-content\\\/uploads\\\/2022\\\/08\\\/AdobeStock_379357622-2048x1312-1.jpeg\",\"contentUrl\":\"https:\\\/\\\/fincaelmorisco.com\\\/wp-content\\\/uploads\\\/2022\\\/08\\\/AdobeStock_379357622-2048x1312-1.jpeg\",\"width\":1024,\"height\":363},{\"@type\":\"BreadcrumbList\",\"@id\":\"https:\\\/\\\/fincaelmorisco.com\\\/?p=11833#breadcrumb\",\"itemListElement\":[{\"@type\":\"ListItem\",\"position\":1,\"name\":\"Home\",\"item\":\"https:\\\/\\\/fincaelmorisco.com\\\/\"},{\"@type\":\"ListItem\",\"position\":2,\"name\":\"CREATE A LARGER LIFE\"}]},{\"@type\":\"WebSite\",\"@id\":\"https:\\\/\\\/fincaelmorisco.com\\\/#website\",\"url\":\"https:\\\/\\\/fincaelmorisco.com\\\/\",\"name\":\"Finca el Morisco\",\"description\":\"Yogaurlaub in Andalusien Finca El Morisco\",\"publisher\":{\"@id\":\"https:\\\/\\\/fincaelmorisco.com\\\/#organization\"},\"potentialAction\":[{\"@type\":\"SearchAction\",\"target\":{\"@type\":\"EntryPoint\",\"urlTemplate\":\"https:\\\/\\\/fincaelmorisco.com\\\/?s={search_term_string}\"},\"query-input\":{\"@type\":\"PropertyValueSpecification\",\"valueRequired\":true,\"valueName\":\"search_term_string\"}}],\"inLanguage\":\"de\"},{\"@type\":\"Organization\",\"@id\":\"https:\\\/\\\/fincaelmorisco.com\\\/#organization\",\"name\":\"Finca El Morisco\",\"url\":\"https:\\\/\\\/fincaelmorisco.com\\\/\",\"logo\":{\"@type\":\"ImageObject\",\"inLanguage\":\"de\",\"@id\":\"https:\\\/\\\/fincaelmorisco.com\\\/#\\\/schema\\\/logo\\\/image\\\/\",\"url\":\"https:\\\/\\\/fincaelmorisco.com\\\/wp-content\\\/uploads\\\/2022\\\/02\\\/Finca-El-Morisco-Logo.png\",\"contentUrl\":\"https:\\\/\\\/fincaelmorisco.com\\\/wp-content\\\/uploads\\\/2022\\\/02\\\/Finca-El-Morisco-Logo.png\",\"width\":521,\"height\":123,\"caption\":\"Finca El Morisco\"},\"image\":{\"@id\":\"https:\\\/\\\/fincaelmorisco.com\\\/#\\\/schema\\\/logo\\\/image\\\/\"}},{\"@type\":\"Person\",\"@id\":\"https:\\\/\\\/fincaelmorisco.com\\\/#\\\/schema\\\/person\\\/514dfb93478c8e8ea012c3c2779bc906\",\"name\":\"Finca El Morisco\",\"image\":{\"@type\":\"ImageObject\",\"inLanguage\":\"de\",\"@id\":\"https:\\\/\\\/secure.gravatar.com\\\/avatar\\\/4eef53a659eacb6d411309b59a0f8b82cbd5132928fc43e54e365596467f3734?s=96&d=mm&r=g\",\"url\":\"https:\\\/\\\/secure.gravatar.com\\\/avatar\\\/4eef53a659eacb6d411309b59a0f8b82cbd5132928fc43e54e365596467f3734?s=96&d=mm&r=g\",\"contentUrl\":\"https:\\\/\\\/secure.gravatar.com\\\/avatar\\\/4eef53a659eacb6d411309b59a0f8b82cbd5132928fc43e54e365596467f3734?s=96&d=mm&r=g\",\"caption\":\"Finca El Morisco\"},\"sameAs\":[\"https:\\\/\\\/fincaelmorisco.com\"],\"url\":\"https:\\\/\\\/fincaelmorisco.com\\\/?author=1\"}]}<\/script>\n<!-- \/ Yoast SEO plugin. -->","yoast_head_json":{"title":"CREATE A LARGER LIFE - Finca el Morisco","description":"Ein neuer Kurs auf der Finca el Morisco, Dein Yogaurlaubsziel in Andalusien. Vegane und vegetarische Vollpension. Pool, Sauna, Meer, Sonne....","robots":{"index":"index","follow":"follow","max-snippet":"max-snippet:-1","max-image-preview":"max-image-preview:large","max-video-preview":"max-video-preview:-1"},"canonical":"https:\/\/fincaelmorisco.com\/?p=11833","og_locale":"de_DE","og_type":"article","og_title":"CREATE A LARGER LIFE - Finca el Morisco","og_description":"Ein neuer Kurs auf der Finca el Morisco, Dein Yogaurlaubsziel in Andalusien. Vegane und vegetarische Vollpension. Pool, Sauna, Meer, Sonne....","og_url":"https:\/\/fincaelmorisco.com\/?p=11833","og_site_name":"Finca el Morisco","article_published_time":"2022-08-06T10:56:11+00:00","article_modified_time":"2023-08-02T17:44:53+00:00","og_image":[{"width":1024,"height":363,"url":"https:\/\/fincaelmorisco.com\/wp-content\/uploads\/2022\/08\/AdobeStock_379357622-2048x1312-1.jpeg","type":"image\/jpeg"}],"author":"Finca El Morisco","twitter_card":"summary_large_image","twitter_misc":{"Verfasst von":false,"Gesch\u00e4tzte Lesezeit":"5\u00a0Minuten"},"schema":{"@context":"https:\/\/schema.org","@graph":[{"@type":"Article","@id":"https:\/\/fincaelmorisco.com\/?p=11833#article","isPartOf":{"@id":"https:\/\/fincaelmorisco.com\/?p=11833"},"author":{"name":"Finca El Morisco","@id":"https:\/\/fincaelmorisco.com\/#\/schema\/person\/514dfb93478c8e8ea012c3c2779bc906"},"headline":"CREATE A LARGER LIFE","datePublished":"2022-08-06T10:56:11+00:00","dateModified":"2023-08-02T17:44:53+00:00","mainEntityOfPage":{"@id":"https:\/\/fincaelmorisco.com\/?p=11833"},"wordCount":700,"publisher":{"@id":"https:\/\/fincaelmorisco.com\/#organization"},"image":{"@id":"https:\/\/fincaelmorisco.com\/?p=11833#primaryimage"},"thumbnailUrl":"https:\/\/fincaelmorisco.com\/wp-content\/uploads\/2022\/08\/AdobeStock_379357622-2048x1312-1.jpeg","articleSection":["Programm"],"inLanguage":"de"},{"@type":"WebPage","@id":"https:\/\/fincaelmorisco.com\/?p=11833","url":"https:\/\/fincaelmorisco.com\/?p=11833","name":"CREATE A LARGER LIFE - Finca el Morisco","isPartOf":{"@id":"https:\/\/fincaelmorisco.com\/#website"},"primaryImageOfPage":{"@id":"https:\/\/fincaelmorisco.com\/?p=11833#primaryimage"},"image":{"@id":"https:\/\/fincaelmorisco.com\/?p=11833#primaryimage"},"thumbnailUrl":"https:\/\/fincaelmorisco.com\/wp-content\/uploads\/2022\/08\/AdobeStock_379357622-2048x1312-1.jpeg","datePublished":"2022-08-06T10:56:11+00:00","dateModified":"2023-08-02T17:44:53+00:00","description":"Ein neuer Kurs auf der Finca el Morisco, Dein Yogaurlaubsziel in Andalusien. Vegane und vegetarische Vollpension. Pool, Sauna, Meer, Sonne....","breadcrumb":{"@id":"https:\/\/fincaelmorisco.com\/?p=11833#breadcrumb"},"inLanguage":"de","potentialAction":[{"@type":"ReadAction","target":["https:\/\/fincaelmorisco.com\/?p=11833"]}]},{"@type":"ImageObject","inLanguage":"de","@id":"https:\/\/fincaelmorisco.com\/?p=11833#primaryimage","url":"https:\/\/fincaelmorisco.com\/wp-content\/uploads\/2022\/08\/AdobeStock_379357622-2048x1312-1.jpeg","contentUrl":"https:\/\/fincaelmorisco.com\/wp-content\/uploads\/2022\/08\/AdobeStock_379357622-2048x1312-1.jpeg","width":1024,"height":363},{"@type":"BreadcrumbList","@id":"https:\/\/fincaelmorisco.com\/?p=11833#breadcrumb","itemListElement":[{"@type":"ListItem","position":1,"name":"Home","item":"https:\/\/fincaelmorisco.com\/"},{"@type":"ListItem","position":2,"name":"CREATE A LARGER LIFE"}]},{"@type":"WebSite","@id":"https:\/\/fincaelmorisco.com\/#website","url":"https:\/\/fincaelmorisco.com\/","name":"Finca el Morisco","description":"Yogaurlaub in Andalusien Finca El Morisco","publisher":{"@id":"https:\/\/fincaelmorisco.com\/#organization"},"potentialAction":[{"@type":"SearchAction","target":{"@type":"EntryPoint","urlTemplate":"https:\/\/fincaelmorisco.com\/?s={search_term_string}"},"query-input":{"@type":"PropertyValueSpecification","valueRequired":true,"valueName":"search_term_string"}}],"inLanguage":"de"},{"@type":"Organization","@id":"https:\/\/fincaelmorisco.com\/#organization","name":"Finca El Morisco","url":"https:\/\/fincaelmorisco.com\/","logo":{"@type":"ImageObject","inLanguage":"de","@id":"https:\/\/fincaelmorisco.com\/#\/schema\/logo\/image\/","url":"https:\/\/fincaelmorisco.com\/wp-content\/uploads\/2022\/02\/Finca-El-Morisco-Logo.png","contentUrl":"https:\/\/fincaelmorisco.com\/wp-content\/uploads\/2022\/02\/Finca-El-Morisco-Logo.png","width":521,"height":123,"caption":"Finca El Morisco"},"image":{"@id":"https:\/\/fincaelmorisco.com\/#\/schema\/logo\/image\/"}},{"@type":"Person","@id":"https:\/\/fincaelmorisco.com\/#\/schema\/person\/514dfb93478c8e8ea012c3c2779bc906","name":"Finca El Morisco","image":{"@type":"ImageObject","inLanguage":"de","@id":"https:\/\/secure.gravatar.com\/avatar\/4eef53a659eacb6d411309b59a0f8b82cbd5132928fc43e54e365596467f3734?s=96&d=mm&r=g","url":"https:\/\/secure.gravatar.com\/avatar\/4eef53a659eacb6d411309b59a0f8b82cbd5132928fc43e54e365596467f3734?s=96&d=mm&r=g","contentUrl":"https:\/\/secure.gravatar.com\/avatar\/4eef53a659eacb6d411309b59a0f8b82cbd5132928fc43e54e365596467f3734?s=96&d=mm&r=g","caption":"Finca El Morisco"},"sameAs":["https:\/\/fincaelmorisco.com"],"url":"https:\/\/fincaelmorisco.com\/?author=1"}]}},"_links":{"self":[{"href":"https:\/\/fincaelmorisco.com\/index.php?rest_route=\/wp\/v2\/posts\/11833","targetHints":{"allow":["GET"]}}],"collection":[{"href":"https:\/\/fincaelmorisco.com\/index.php?rest_route=\/wp\/v2\/posts"}],"about":[{"href":"https:\/\/fincaelmorisco.com\/index.php?rest_route=\/wp\/v2\/types\/post"}],"author":[{"embeddable":true,"href":"https:\/\/fincaelmorisco.com\/index.php?rest_route=\/wp\/v2\/users\/1"}],"replies":[{"embeddable":true,"href":"https:\/\/fincaelmorisco.com\/index.php?rest_route=%2Fwp%2Fv2%2Fcomments&post=11833"}],"version-history":[{"count":28,"href":"https:\/\/fincaelmorisco.com\/index.php?rest_route=\/wp\/v2\/posts\/11833\/revisions"}],"predecessor-version":[{"id":13954,"href":"https:\/\/fincaelmorisco.com\/index.php?rest_route=\/wp\/v2\/posts\/11833\/revisions\/13954"}],"wp:featuredmedia":[{"embeddable":true,"href":"https:\/\/fincaelmorisco.com\/index.php?rest_route=\/wp\/v2\/media\/13580"}],"wp:attachment":[{"href":"https:\/\/fincaelmorisco.com\/index.php?rest_route=%2Fwp%2Fv2%2Fmedia&parent=11833"}],"wp:term":[{"taxonomy":"category","embeddable":true,"href":"https:\/\/fincaelmorisco.com\/index.php?rest_route=%2Fwp%2Fv2%2Fcategories&post=11833"},{"taxonomy":"post_tag","embeddable":true,"href":"https:\/\/fincaelmorisco.com\/index.php?rest_route=%2Fwp%2Fv2%2Ftags&post=11833"}],"curies":[{"name":"wp","href":"https:\/\/api.w.org\/{rel}","templated":true}]}}